{"id":9996,"date":"2022-11-19T19:22:29","date_gmt":"2022-11-19T18:22:29","guid":{"rendered":"https:\/\/corcouesurlogne-ecole.fr\/?p=9996"},"modified":"2022-11-19T19:22:29","modified_gmt":"2022-11-19T18:22:29","slug":"ecole-samedi-18-novembre","status":"publish","type":"post","link":"https:\/\/corcouesurlogne-ecole.fr\/?p=9996","title":{"rendered":"Ecole samedi 18 novembre !"},"content":{"rendered":"<p>Samedi 18 novembre, nous avions classe.\u00a0 Nous avons profit\u00e9 de cette matin\u00e9e pour nous retrouver avec la classe de Marion et faire des activit\u00e9s ensemble.<\/p>\n<p>Au programme : r\u00e9p\u00e9titions des chants pour la veill\u00e9e de No\u00ebl, et peinture paillet\u00e9e sur des \u00e9toiles pour d\u00e9corer le couloir des maternelles. Les enfants ont eu plaisir \u00e0 \u00eatre ensemble lors de cette matin\u00e9e. Nous avons h\u00e2te que toutes nos \u00e9toiles soient accroch\u00e9es pour voir le r\u00e9sultat !<\/p>\n<p>&nbsp;<\/p>\n<p><a href=\"https:\/\/corcouesurlogne-ecole.fr\/wp-content\/uploads\/2022\/11\/B4303724-F2AD-40F4-B78B-D1DCB584C9D3-scaled.jpeg\"><img loading=\"lazy\" decoding=\"async\" class=\"alignnone size-medium wp-image-9997\" src=\"https:\/\/corcouesurlogne-ecole.fr\/wp-content\/uploads\/2022\/11\/B4303724-F2AD-40F4-B78B-D1DCB584C9D3-300x225.jpeg\" alt=\"\" width=\"300\" height=\"225\" srcset=\"https:\/\/corcouesurlogne-ecole.fr\/wp-content\/uploads\/2022\/11\/B4303724-F2AD-40F4-B78B-D1DCB584C9D3-300x225.jpeg 300w, https:\/\/corcouesurlogne-ecole.fr\/wp-content\/uploads\/2022\/11\/B4303724-F2AD-40F4-B78B-D1DCB584C9D3-1024x768.jpeg 1024w, https:\/\/corcouesurlogne-ecole.fr\/wp-content\/uploads\/2022\/11\/B4303724-F2AD-40F4-B78B-D1DCB584C9D3-768x576.jpeg 768w, https:\/\/corcouesurlogne-ecole.fr\/wp-content\/uploads\/2022\/11\/B4303724-F2AD-40F4-B78B-D1DCB584C9D3-1536x1152.jpeg 1536w, https:\/\/corcouesurlogne-ecole.fr\/wp-content\/uploads\/2022\/11\/B4303724-F2AD-40F4-B78B-D1DCB584C9D3-2048x1536.jpeg 2048w\" sizes=\"(max-width: 300px) 100vw, 300px\" \/><\/a> <a href=\"https:\/\/corcouesurlogne-ecole.fr\/wp-content\/uploads\/2022\/11\/E644B46C-F1EF-420F-9AC1-A07A1E647EAA-scaled.jpeg\"><img loading=\"lazy\" decoding=\"async\" class=\"alignnone size-medium wp-image-9998\" src=\"https:\/\/corcouesurlogne-ecole.fr\/wp-content\/uploads\/2022\/11\/E644B46C-F1EF-420F-9AC1-A07A1E647EAA-300x225.jpeg\" alt=\"\" width=\"300\" height=\"225\" srcset=\"https:\/\/corcouesurlogne-ecole.fr\/wp-content\/uploads\/2022\/11\/E644B46C-F1EF-420F-9AC1-A07A1E647EAA-300x225.jpeg 300w, https:\/\/corcouesurlogne-ecole.fr\/wp-content\/uploads\/2022\/11\/E644B46C-F1EF-420F-9AC1-A07A1E647EAA-1024x768.jpeg 1024w, https:\/\/corcouesurlogne-ecole.fr\/wp-content\/uploads\/2022\/11\/E644B46C-F1EF-420F-9AC1-A07A1E647EAA-768x576.jpeg 768w, https:\/\/corcouesurlogne-ecole.fr\/wp-content\/uploads\/2022\/11\/E644B46C-F1EF-420F-9AC1-A07A1E647EAA-1536x1152.jpeg 1536w, https:\/\/corcouesurlogne-ecole.fr\/wp-content\/uploads\/2022\/11\/E644B46C-F1EF-420F-9AC1-A07A1E647EAA-2048x1536.jpeg 2048w\" sizes=\"(max-width: 300px) 100vw, 300px\" \/><\/a> <a href=\"https:\/\/corcouesurlogne-ecole.fr\/wp-content\/uploads\/2022\/11\/3E2045BD-636F-469D-97ED-E810563160C5-scaled.jpeg\"><img loading=\"lazy\" decoding=\"async\" class=\"alignnone size-medium wp-image-9999\" src=\"https:\/\/corcouesurlogne-ecole.fr\/wp-content\/uploads\/2022\/11\/3E2045BD-636F-469D-97ED-E810563160C5-300x225.jpeg\" alt=\"\" width=\"300\" height=\"225\" srcset=\"https:\/\/corcouesurlogne-ecole.fr\/wp-content\/uploads\/2022\/11\/3E2045BD-636F-469D-97ED-E810563160C5-300x225.jpeg 300w, https:\/\/corcouesurlogne-ecole.fr\/wp-content\/uploads\/2022\/11\/3E2045BD-636F-469D-97ED-E810563160C5-1024x768.jpeg 1024w, https:\/\/corcouesurlogne-ecole.fr\/wp-content\/uploads\/2022\/11\/3E2045BD-636F-469D-97ED-E810563160C5-768x576.jpeg 768w, https:\/\/corcouesurlogne-ecole.fr\/wp-content\/uploads\/2022\/11\/3E2045BD-636F-469D-97ED-E810563160C5-1536x1152.jpeg 1536w, https:\/\/corcouesurlogne-ecole.fr\/wp-content\/uploads\/2022\/11\/3E2045BD-636F-469D-97ED-E810563160C5-2048x1536.jpeg 2048w\" sizes=\"(max-width: 300px) 100vw, 300px\" \/><\/a><\/p>\n","protected":false},"excerpt":{"rendered":"<p>Samedi 18 novembre, nous avions classe.\u00a0 Nous avons profit\u00e9 de cette matin\u00e9e pour nous retrouver avec la classe de Marion et faire des activit\u00e9s ensemble. Au programme : r\u00e9p\u00e9titions des chants pour la veill\u00e9e de No\u00ebl, et peinture paillet\u00e9e sur des \u00e9toiles pour d\u00e9corer le couloir des maternelles. Les enfants ont eu plaisir \u00e0 \u00eatre<\/p>\n<p><a href=\"https:\/\/corcouesurlogne-ecole.fr\/?p=9996\" class=\"more-link themebutton\">Lire la suite<\/a><\/p>\n","protected":false},"author":1,"featured_media":9997,"comment_status":"closed","ping_status":"closed","sticky":false,"template":"","format":"standard","meta":{"ngg_post_thumbnail":0,"footnotes":""},"categories":[7],"tags":[],"_links":{"self":[{"href":"https:\/\/corcouesurlogne-ecole.fr\/index.php?rest_route=\/wp\/v2\/posts\/9996"}],"collection":[{"href":"https:\/\/corcouesurlogne-ecole.fr\/index.php?rest_route=\/wp\/v2\/posts"}],"about":[{"href":"https:\/\/corcouesurlogne-ecole.fr\/index.php?rest_route=\/wp\/v2\/types\/post"}],"author":[{"embeddable":true,"href":"https:\/\/corcouesurlogne-ecole.fr\/index.php?rest_route=\/wp\/v2\/users\/1"}],"replies":[{"embeddable":true,"href":"https:\/\/corcouesurlogne-ecole.fr\/index.php?rest_route=%2Fwp%2Fv2%2Fcomments&post=9996"}],"version-history":[{"count":1,"href":"https:\/\/corcouesurlogne-ecole.fr\/index.php?rest_route=\/wp\/v2\/posts\/9996\/revisions"}],"predecessor-version":[{"id":10000,"href":"https:\/\/corcouesurlogne-ecole.fr\/index.php?rest_route=\/wp\/v2\/posts\/9996\/revisions\/10000"}],"wp:featuredmedia":[{"embeddable":true,"href":"https:\/\/corcouesurlogne-ecole.fr\/index.php?rest_route=\/wp\/v2\/media\/9997"}],"wp:attachment":[{"href":"https:\/\/corcouesurlogne-ecole.fr\/index.php?rest_route=%2Fwp%2Fv2%2Fmedia&parent=9996"}],"wp:term":[{"taxonomy":"category","embeddable":true,"href":"https:\/\/corcouesurlogne-ecole.fr\/index.php?rest_route=%2Fwp%2Fv2%2Fcategories&post=9996"},{"taxonomy":"post_tag","embeddable":true,"href":"https:\/\/corcouesurlogne-ecole.fr\/index.php?rest_route=%2Fwp%2Fv2%2Ftags&post=9996"}],"curies":[{"name":"wp","href":"https:\/\/api.w.org\/{rel}","templated":true}]}}