{"id":9817,"date":"2022-10-18T16:23:49","date_gmt":"2022-10-18T15:23:49","guid":{"rendered":"https:\/\/corcouesurlogne-ecole.fr\/?p=9817"},"modified":"2022-10-18T16:23:49","modified_gmt":"2022-10-18T15:23:49","slug":"les-ateliers-du-gout","status":"publish","type":"post","link":"https:\/\/corcouesurlogne-ecole.fr\/?p=9817","title":{"rendered":"Les ateliers du go\u00fbt"},"content":{"rendered":"<p>&nbsp;<\/p>\n<p><a href=\"https:\/\/corcouesurlogne-ecole.fr\/wp-content\/uploads\/2022\/10\/IMG_20221010_101350-scaled.jpg\"><img loading=\"lazy\" decoding=\"async\" class=\"alignnone size-medium wp-image-9837\" src=\"https:\/\/corcouesurlogne-ecole.fr\/wp-content\/uploads\/2022\/10\/IMG_20221010_101350-225x300.jpg\" alt=\"\" width=\"225\" height=\"300\" srcset=\"https:\/\/corcouesurlogne-ecole.fr\/wp-content\/uploads\/2022\/10\/IMG_20221010_101350-225x300.jpg 225w, https:\/\/corcouesurlogne-ecole.fr\/wp-content\/uploads\/2022\/10\/IMG_20221010_101350-768x1024.jpg 768w, https:\/\/corcouesurlogne-ecole.fr\/wp-content\/uploads\/2022\/10\/IMG_20221010_101350-1152x1536.jpg 1152w, https:\/\/corcouesurlogne-ecole.fr\/wp-content\/uploads\/2022\/10\/IMG_20221010_101350-1536x2048.jpg 1536w, https:\/\/corcouesurlogne-ecole.fr\/wp-content\/uploads\/2022\/10\/IMG_20221010_101350-scaled.jpg 1920w\" sizes=\"(max-width: 225px) 100vw, 225px\" \/><\/a><\/p>\n<p style=\"text-align: right\">Coiff\u00e9s d\u2019une toque de chef(fe) , nous avons particip\u00e9 \u00e0 des ateliers sur la carotte, l&rsquo;avoine , les herbes et les \u00e9pices.<\/p>\n<p>Nous avons d\u00e9couvert les carottes sous diff\u00e9rentes formes et textures.<\/p>\n<p>Nous avons senti , go\u00fbt\u00e9 des herbes et bu une infusion \u00e0 la menthe.<\/p>\n<p>Nous avons mang\u00e9 de l\u2019avoine et bu du lait d\u2019avoine.<\/p>\n<p>Enfin nous avons ramen\u00e9 \u00e0 la maison un peu de curry pour faire de la cuisine.<\/p>\n<p>&nbsp;<\/p>\n<p>&nbsp;<\/p>\n<p>&nbsp;<\/p>\n","protected":false},"excerpt":{"rendered":"<p>&nbsp; Coiff\u00e9s d\u2019une toque de chef(fe) , nous avons particip\u00e9 \u00e0 des ateliers sur la carotte, l&rsquo;avoine , les herbes et les \u00e9pices. Nous avons d\u00e9couvert les carottes sous diff\u00e9rentes formes et textures. Nous avons senti , go\u00fbt\u00e9 des herbes et bu une infusion \u00e0 la menthe. Nous avons mang\u00e9 de l\u2019avoine et bu du<\/p>\n<p><a href=\"https:\/\/corcouesurlogne-ecole.fr\/?p=9817\" class=\"more-link themebutton\">Lire la suite<\/a><\/p>\n","protected":false},"author":9,"featured_media":0,"comment_status":"closed","ping_status":"closed","sticky":false,"template":"","format":"standard","meta":{"ngg_post_thumbnail":0,"footnotes":""},"categories":[9,24],"tags":[],"_links":{"self":[{"href":"https:\/\/corcouesurlogne-ecole.fr\/index.php?rest_route=\/wp\/v2\/posts\/9817"}],"collection":[{"href":"https:\/\/corcouesurlogne-ecole.fr\/index.php?rest_route=\/wp\/v2\/posts"}],"about":[{"href":"https:\/\/corcouesurlogne-ecole.fr\/index.php?rest_route=\/wp\/v2\/types\/post"}],"author":[{"embeddable":true,"href":"https:\/\/corcouesurlogne-ecole.fr\/index.php?rest_route=\/wp\/v2\/users\/9"}],"replies":[{"embeddable":true,"href":"https:\/\/corcouesurlogne-ecole.fr\/index.php?rest_route=%2Fwp%2Fv2%2Fcomments&post=9817"}],"version-history":[{"count":4,"href":"https:\/\/corcouesurlogne-ecole.fr\/index.php?rest_route=\/wp\/v2\/posts\/9817\/revisions"}],"predecessor-version":[{"id":9868,"href":"https:\/\/corcouesurlogne-ecole.fr\/index.php?rest_route=\/wp\/v2\/posts\/9817\/revisions\/9868"}],"wp:attachment":[{"href":"https:\/\/corcouesurlogne-ecole.fr\/index.php?rest_route=%2Fwp%2Fv2%2Fmedia&parent=9817"}],"wp:term":[{"taxonomy":"category","embeddable":true,"href":"https:\/\/corcouesurlogne-ecole.fr\/index.php?rest_route=%2Fwp%2Fv2%2Fcategories&post=9817"},{"taxonomy":"post_tag","embeddable":true,"href":"https:\/\/corcouesurlogne-ecole.fr\/index.php?rest_route=%2Fwp%2Fv2%2Ftags&post=9817"}],"curies":[{"name":"wp","href":"https:\/\/api.w.org\/{rel}","templated":true}]}}