{"id":9634,"date":"2022-09-19T16:06:39","date_gmt":"2022-09-19T15:06:39","guid":{"rendered":"https:\/\/corcouesurlogne-ecole.fr\/?p=9634"},"modified":"2022-09-19T16:08:28","modified_gmt":"2022-09-19T15:08:28","slug":"prenoms-et-groupes-de-couleur","status":"publish","type":"post","link":"https:\/\/corcouesurlogne-ecole.fr\/?p=9634","title":{"rendered":"Pr\u00e9noms et groupes de couleur"},"content":{"rendered":"<p>Les MS-GS ont travaill\u00e9 sur un visuel pr\u00e9nom pour d\u00e9corer la classe et retrouver son groupe de couleur.<\/p>\n<p>Les MS : empreinte de la main (orange ou bleu) et \u00e9criture de son pr\u00e9nom.<\/p>\n<p>Les GS : collage de bandes de couleur et \u00e9criture de son pr\u00e9nom sur une \u00e9tiquette de couleur correspondant \u00e0 son groupe.<\/p>\n<p><a href=\"https:\/\/corcouesurlogne-ecole.fr\/wp-content\/uploads\/2022\/09\/7F784125-BF92-4F7D-B344-19C44F6A9135-scaled.jpeg\"><img loading=\"lazy\" decoding=\"async\" class=\"alignnone size-medium wp-image-9636\" src=\"https:\/\/corcouesurlogne-ecole.fr\/wp-content\/uploads\/2022\/09\/7F784125-BF92-4F7D-B344-19C44F6A9135-225x300.jpeg\" alt=\"\" width=\"225\" height=\"300\" srcset=\"https:\/\/corcouesurlogne-ecole.fr\/wp-content\/uploads\/2022\/09\/7F784125-BF92-4F7D-B344-19C44F6A9135-225x300.jpeg 225w, https:\/\/corcouesurlogne-ecole.fr\/wp-content\/uploads\/2022\/09\/7F784125-BF92-4F7D-B344-19C44F6A9135-768x1024.jpeg 768w, https:\/\/corcouesurlogne-ecole.fr\/wp-content\/uploads\/2022\/09\/7F784125-BF92-4F7D-B344-19C44F6A9135-1152x1536.jpeg 1152w, https:\/\/corcouesurlogne-ecole.fr\/wp-content\/uploads\/2022\/09\/7F784125-BF92-4F7D-B344-19C44F6A9135-1536x2048.jpeg 1536w, https:\/\/corcouesurlogne-ecole.fr\/wp-content\/uploads\/2022\/09\/7F784125-BF92-4F7D-B344-19C44F6A9135-scaled.jpeg 1920w\" sizes=\"(max-width: 225px) 100vw, 225px\" \/><\/a><a href=\"https:\/\/corcouesurlogne-ecole.fr\/wp-content\/uploads\/2022\/09\/99C0AF31-8E1D-4CA3-AF36-F7F196664733-scaled.jpeg\"><img loading=\"lazy\" decoding=\"async\" class=\"alignnone size-medium wp-image-9637\" src=\"https:\/\/corcouesurlogne-ecole.fr\/wp-content\/uploads\/2022\/09\/99C0AF31-8E1D-4CA3-AF36-F7F196664733-225x300.jpeg\" alt=\"\" width=\"225\" height=\"300\" srcset=\"https:\/\/corcouesurlogne-ecole.fr\/wp-content\/uploads\/2022\/09\/99C0AF31-8E1D-4CA3-AF36-F7F196664733-225x300.jpeg 225w, https:\/\/corcouesurlogne-ecole.fr\/wp-content\/uploads\/2022\/09\/99C0AF31-8E1D-4CA3-AF36-F7F196664733-768x1024.jpeg 768w, https:\/\/corcouesurlogne-ecole.fr\/wp-content\/uploads\/2022\/09\/99C0AF31-8E1D-4CA3-AF36-F7F196664733-1152x1536.jpeg 1152w, https:\/\/corcouesurlogne-ecole.fr\/wp-content\/uploads\/2022\/09\/99C0AF31-8E1D-4CA3-AF36-F7F196664733-1536x2048.jpeg 1536w, https:\/\/corcouesurlogne-ecole.fr\/wp-content\/uploads\/2022\/09\/99C0AF31-8E1D-4CA3-AF36-F7F196664733-scaled.jpeg 1920w\" sizes=\"(max-width: 225px) 100vw, 225px\" \/><\/a><\/p>\n<p>&nbsp;<\/p>\n<p>&nbsp;<\/p>\n","protected":false},"excerpt":{"rendered":"<p>Les MS-GS ont travaill\u00e9 sur un visuel pr\u00e9nom pour d\u00e9corer la classe et retrouver son groupe de couleur. Les MS : empreinte de la main (orange ou bleu) et \u00e9criture de son pr\u00e9nom. Les GS : collage de bandes de couleur et \u00e9criture de son pr\u00e9nom sur une \u00e9tiquette de couleur correspondant \u00e0 son groupe.<\/p>\n<p><a href=\"https:\/\/corcouesurlogne-ecole.fr\/?p=9634\" class=\"more-link themebutton\">Lire la suite<\/a><\/p>\n","protected":false},"author":1,"featured_media":9636,"comment_status":"closed","ping_status":"closed","sticky":false,"template":"","format":"standard","meta":{"ngg_post_thumbnail":0,"footnotes":""},"categories":[7,1],"tags":[],"_links":{"self":[{"href":"https:\/\/corcouesurlogne-ecole.fr\/index.php?rest_route=\/wp\/v2\/posts\/9634"}],"collection":[{"href":"https:\/\/corcouesurlogne-ecole.fr\/index.php?rest_route=\/wp\/v2\/posts"}],"about":[{"href":"https:\/\/corcouesurlogne-ecole.fr\/index.php?rest_route=\/wp\/v2\/types\/post"}],"author":[{"embeddable":true,"href":"https:\/\/corcouesurlogne-ecole.fr\/index.php?rest_route=\/wp\/v2\/users\/1"}],"replies":[{"embeddable":true,"href":"https:\/\/corcouesurlogne-ecole.fr\/index.php?rest_route=%2Fwp%2Fv2%2Fcomments&post=9634"}],"version-history":[{"count":2,"href":"https:\/\/corcouesurlogne-ecole.fr\/index.php?rest_route=\/wp\/v2\/posts\/9634\/revisions"}],"predecessor-version":[{"id":9638,"href":"https:\/\/corcouesurlogne-ecole.fr\/index.php?rest_route=\/wp\/v2\/posts\/9634\/revisions\/9638"}],"wp:featuredmedia":[{"embeddable":true,"href":"https:\/\/corcouesurlogne-ecole.fr\/index.php?rest_route=\/wp\/v2\/media\/9636"}],"wp:attachment":[{"href":"https:\/\/corcouesurlogne-ecole.fr\/index.php?rest_route=%2Fwp%2Fv2%2Fmedia&parent=9634"}],"wp:term":[{"taxonomy":"category","embeddable":true,"href":"https:\/\/corcouesurlogne-ecole.fr\/index.php?rest_route=%2Fwp%2Fv2%2Fcategories&post=9634"},{"taxonomy":"post_tag","embeddable":true,"href":"https:\/\/corcouesurlogne-ecole.fr\/index.php?rest_route=%2Fwp%2Fv2%2Ftags&post=9634"}],"curies":[{"name":"wp","href":"https:\/\/api.w.org\/{rel}","templated":true}]}}