{"id":9431,"date":"2022-06-24T15:24:06","date_gmt":"2022-06-24T14:24:06","guid":{"rendered":"https:\/\/corcouesurlogne-ecole.fr\/?p=9431"},"modified":"2022-06-24T15:26:34","modified_gmt":"2022-06-24T14:26:34","slug":"kermesse-2022","status":"publish","type":"post","link":"https:\/\/corcouesurlogne-ecole.fr\/?p=9431","title":{"rendered":"KERMESSE 2022"},"content":{"rendered":"<p>Apr\u00e8s deux ann\u00e9es d&rsquo;interruption, nous avons \u00e9t\u00e9 enchant\u00e9 de nous retrouver pour la f\u00eate de l&rsquo;\u00e9cole.<\/p>\n<p>V\u00eatus de nos costumes, nous avons d\u00e9fil\u00e9 dans les rues de Corcou\u00e9 en compagnie de la Lyre Corcou\u00e9enne et de 2 chars confectionn\u00e9s par les parents.<\/p>\n<p><a href=\"https:\/\/corcouesurlogne-ecole.fr\/wp-content\/uploads\/2022\/06\/IMG_1181.jpg\"><img loading=\"lazy\" decoding=\"async\" class=\"size-medium wp-image-9409 alignleft\" src=\"https:\/\/corcouesurlogne-ecole.fr\/wp-content\/uploads\/2022\/06\/IMG_1181-300x225.jpg\" alt=\"\" width=\"300\" height=\"225\" srcset=\"https:\/\/corcouesurlogne-ecole.fr\/wp-content\/uploads\/2022\/06\/IMG_1181-300x225.jpg 300w, https:\/\/corcouesurlogne-ecole.fr\/wp-content\/uploads\/2022\/06\/IMG_1181.jpg 640w\" sizes=\"(max-width: 300px) 100vw, 300px\" \/><\/a> <a href=\"https:\/\/corcouesurlogne-ecole.fr\/wp-content\/uploads\/2022\/06\/IMG_1184.jpg\"><img loading=\"lazy\" decoding=\"async\" class=\"aligncenter size-medium wp-image-9410\" src=\"https:\/\/corcouesurlogne-ecole.fr\/wp-content\/uploads\/2022\/06\/IMG_1184-300x225.jpg\" alt=\"\" width=\"300\" height=\"225\" srcset=\"https:\/\/corcouesurlogne-ecole.fr\/wp-content\/uploads\/2022\/06\/IMG_1184-300x225.jpg 300w, https:\/\/corcouesurlogne-ecole.fr\/wp-content\/uploads\/2022\/06\/IMG_1184.jpg 640w\" sizes=\"(max-width: 300px) 100vw, 300px\" \/><\/a> <a href=\"https:\/\/corcouesurlogne-ecole.fr\/wp-content\/uploads\/2022\/06\/IMG_1185.jpg\"><img loading=\"lazy\" decoding=\"async\" class=\"size-medium wp-image-9411 alignnone\" src=\"https:\/\/corcouesurlogne-ecole.fr\/wp-content\/uploads\/2022\/06\/IMG_1185-300x225.jpg\" alt=\"\" width=\"300\" height=\"225\" srcset=\"https:\/\/corcouesurlogne-ecole.fr\/wp-content\/uploads\/2022\/06\/IMG_1185-300x225.jpg 300w, https:\/\/corcouesurlogne-ecole.fr\/wp-content\/uploads\/2022\/06\/IMG_1185.jpg 640w\" sizes=\"(max-width: 300px) 100vw, 300px\" \/><\/a> &nbsp;<a href=\"https:\/\/corcouesurlogne-ecole.fr\/wp-content\/uploads\/2022\/06\/IMG_1187-rotated.jpg\"><img loading=\"lazy\" decoding=\"async\" class=\"size-medium wp-image-9413 alignleft\" src=\"https:\/\/corcouesurlogne-ecole.fr\/wp-content\/uploads\/2022\/06\/IMG_1187-225x300.jpg\" alt=\"\" width=\"225\" height=\"300\" srcset=\"https:\/\/corcouesurlogne-ecole.fr\/wp-content\/uploads\/2022\/06\/IMG_1187-225x300.jpg 225w, https:\/\/corcouesurlogne-ecole.fr\/wp-content\/uploads\/2022\/06\/IMG_1187-rotated.jpg 480w\" sizes=\"(max-width: 225px) 100vw, 225px\" \/><\/a> <a href=\"https:\/\/corcouesurlogne-ecole.fr\/wp-content\/uploads\/2022\/06\/IMG_1188-rotated.jpg\"><img loading=\"lazy\" decoding=\"async\" class=\"size-medium wp-image-9414 aligncenter\" src=\"https:\/\/corcouesurlogne-ecole.fr\/wp-content\/uploads\/2022\/06\/IMG_1188-225x300.jpg\" alt=\"\" width=\"225\" height=\"300\" srcset=\"https:\/\/corcouesurlogne-ecole.fr\/wp-content\/uploads\/2022\/06\/IMG_1188-225x300.jpg 225w, https:\/\/corcouesurlogne-ecole.fr\/wp-content\/uploads\/2022\/06\/IMG_1188-rotated.jpg 480w\" sizes=\"(max-width: 225px) 100vw, 225px\" \/><\/a><\/p>\n<p>&nbsp;<\/p>\n<p><a href=\"https:\/\/corcouesurlogne-ecole.fr\/wp-content\/uploads\/2022\/06\/IMG_1198.jpg\"><img loading=\"lazy\" decoding=\"async\" class=\"size-medium wp-image-9418 alignleft\" src=\"https:\/\/corcouesurlogne-ecole.fr\/wp-content\/uploads\/2022\/06\/IMG_1198-300x225.jpg\" alt=\"\" width=\"300\" height=\"225\" srcset=\"https:\/\/corcouesurlogne-ecole.fr\/wp-content\/uploads\/2022\/06\/IMG_1198-300x225.jpg 300w, https:\/\/corcouesurlogne-ecole.fr\/wp-content\/uploads\/2022\/06\/IMG_1198.jpg 640w\" sizes=\"(max-width: 300px) 100vw, 300px\" \/><\/a><\/p>\n<p><a href=\"https:\/\/corcouesurlogne-ecole.fr\/wp-content\/uploads\/2022\/06\/IMG_1189-rotated.jpg\"><img loading=\"lazy\" decoding=\"async\" class=\"aligncenter size-medium wp-image-9415\" src=\"https:\/\/corcouesurlogne-ecole.fr\/wp-content\/uploads\/2022\/06\/IMG_1189-225x300.jpg\" alt=\"\" width=\"225\" height=\"300\" srcset=\"https:\/\/corcouesurlogne-ecole.fr\/wp-content\/uploads\/2022\/06\/IMG_1189-225x300.jpg 225w, https:\/\/corcouesurlogne-ecole.fr\/wp-content\/uploads\/2022\/06\/IMG_1189-rotated.jpg 480w\" sizes=\"(max-width: 225px) 100vw, 225px\" \/><\/a><\/p>\n<p>&nbsp;<\/p>\n<p>Apr\u00e8s le repas , nous avons pr\u00e9sent\u00e9 au public notre spectacle sur le th\u00e8me des Emotions.<\/p>\n<p>&nbsp;<\/p>\n<p>&nbsp;<\/p>\n<p>Nous avons pu ensuite nous amuser , manger et passer une tr\u00e8s agr\u00e9able apr\u00e8s-midi.<\/p>\n<p><a href=\"https:\/\/corcouesurlogne-ecole.fr\/wp-content\/uploads\/2022\/06\/IMG_1199-rotated.jpg\"><img loading=\"lazy\" decoding=\"async\" class=\"size-medium wp-image-9419 alignleft\" src=\"https:\/\/corcouesurlogne-ecole.fr\/wp-content\/uploads\/2022\/06\/IMG_1199-225x300.jpg\" alt=\"\" width=\"225\" height=\"300\" srcset=\"https:\/\/corcouesurlogne-ecole.fr\/wp-content\/uploads\/2022\/06\/IMG_1199-225x300.jpg 225w, https:\/\/corcouesurlogne-ecole.fr\/wp-content\/uploads\/2022\/06\/IMG_1199-rotated.jpg 480w\" sizes=\"(max-width: 225px) 100vw, 225px\" \/><\/a> <a href=\"https:\/\/corcouesurlogne-ecole.fr\/wp-content\/uploads\/2022\/06\/IMG_1201-rotated.jpg\"><img loading=\"lazy\" decoding=\"async\" class=\"aligncenter size-medium wp-image-9420\" src=\"https:\/\/corcouesurlogne-ecole.fr\/wp-content\/uploads\/2022\/06\/IMG_1201-225x300.jpg\" alt=\"\" width=\"225\" height=\"300\" srcset=\"https:\/\/corcouesurlogne-ecole.fr\/wp-content\/uploads\/2022\/06\/IMG_1201-225x300.jpg 225w, https:\/\/corcouesurlogne-ecole.fr\/wp-content\/uploads\/2022\/06\/IMG_1201-rotated.jpg 480w\" sizes=\"(max-width: 225px) 100vw, 225px\" \/><\/a><\/p>\n<p>Merci \u00e0 la commission kermesse at aux parents b\u00e9n\u00e9voles qui ont pr\u00e9par\u00e9 et permis la r\u00e9ussite de cette belle kermesse!&nbsp;<\/p>\n","protected":false},"excerpt":{"rendered":"<p>Apr\u00e8s deux ann\u00e9es d&rsquo;interruption, nous avons \u00e9t\u00e9 enchant\u00e9 de nous retrouver pour la f\u00eate de l&rsquo;\u00e9cole. V\u00eatus de nos costumes, nous avons d\u00e9fil\u00e9 dans les rues de Corcou\u00e9 en compagnie de la Lyre Corcou\u00e9enne et de 2 chars confectionn\u00e9s par les parents. &nbsp; &nbsp; &nbsp; Apr\u00e8s le repas , nous avons pr\u00e9sent\u00e9 au public notre<\/p>\n<p><a href=\"https:\/\/corcouesurlogne-ecole.fr\/?p=9431\" class=\"more-link themebutton\">Lire la suite<\/a><\/p>\n","protected":false},"author":1,"featured_media":9417,"comment_status":"closed","ping_status":"closed","sticky":false,"template":"","format":"standard","meta":{"ngg_post_thumbnail":0,"footnotes":""},"categories":[23,26],"tags":[],"_links":{"self":[{"href":"https:\/\/corcouesurlogne-ecole.fr\/index.php?rest_route=\/wp\/v2\/posts\/9431"}],"collection":[{"href":"https:\/\/corcouesurlogne-ecole.fr\/index.php?rest_route=\/wp\/v2\/posts"}],"about":[{"href":"https:\/\/corcouesurlogne-ecole.fr\/index.php?rest_route=\/wp\/v2\/types\/post"}],"author":[{"embeddable":true,"href":"https:\/\/corcouesurlogne-ecole.fr\/index.php?rest_route=\/wp\/v2\/users\/1"}],"replies":[{"embeddable":true,"href":"https:\/\/corcouesurlogne-ecole.fr\/index.php?rest_route=%2Fwp%2Fv2%2Fcomments&post=9431"}],"version-history":[{"count":3,"href":"https:\/\/corcouesurlogne-ecole.fr\/index.php?rest_route=\/wp\/v2\/posts\/9431\/revisions"}],"predecessor-version":[{"id":9434,"href":"https:\/\/corcouesurlogne-ecole.fr\/index.php?rest_route=\/wp\/v2\/posts\/9431\/revisions\/9434"}],"wp:featuredmedia":[{"embeddable":true,"href":"https:\/\/corcouesurlogne-ecole.fr\/index.php?rest_route=\/wp\/v2\/media\/9417"}],"wp:attachment":[{"href":"https:\/\/corcouesurlogne-ecole.fr\/index.php?rest_route=%2Fwp%2Fv2%2Fmedia&parent=9431"}],"wp:term":[{"taxonomy":"category","embeddable":true,"href":"https:\/\/corcouesurlogne-ecole.fr\/index.php?rest_route=%2Fwp%2Fv2%2Fcategories&post=9431"},{"taxonomy":"post_tag","embeddable":true,"href":"https:\/\/corcouesurlogne-ecole.fr\/index.php?rest_route=%2Fwp%2Fv2%2Ftags&post=9431"}],"curies":[{"name":"wp","href":"https:\/\/api.w.org\/{rel}","templated":true}]}}