{"id":9179,"date":"2022-03-30T12:28:50","date_gmt":"2022-03-30T11:28:50","guid":{"rendered":"https:\/\/corcouesurlogne-ecole.fr\/?p=9179"},"modified":"2022-03-30T12:46:25","modified_gmt":"2022-03-30T11:46:25","slug":"spectacle-des-chardons-lucine-et-malo","status":"publish","type":"post","link":"https:\/\/corcouesurlogne-ecole.fr\/?p=9179","title":{"rendered":"Spectacle des  Chardons : LUCINE et MALO"},"content":{"rendered":"<p>Mardi&nbsp; 29 mars, les maternelles et CP ont assist\u00e9 au spectacle de la compagnie des 3 Chardons : Lucine et Malo.<\/p>\n<p><a href=\"https:\/\/corcouesurlogne-ecole.fr\/wp-content\/uploads\/2022\/03\/IMG_1047.jpg\"><img loading=\"lazy\" decoding=\"async\" class=\"size-medium wp-image-9181 alignleft\" src=\"https:\/\/corcouesurlogne-ecole.fr\/wp-content\/uploads\/2022\/03\/IMG_1047-300x225.jpg\" alt=\"\" width=\"300\" height=\"225\" srcset=\"https:\/\/corcouesurlogne-ecole.fr\/wp-content\/uploads\/2022\/03\/IMG_1047-300x225.jpg 300w, https:\/\/corcouesurlogne-ecole.fr\/wp-content\/uploads\/2022\/03\/IMG_1047.jpg 640w\" sizes=\"(max-width: 300px) 100vw, 300px\" \/><\/a> <a href=\"https:\/\/corcouesurlogne-ecole.fr\/wp-content\/uploads\/2022\/03\/IMG_1046.jpg\"><img loading=\"lazy\" decoding=\"async\" class=\"aligncenter size-medium wp-image-9180\" src=\"https:\/\/corcouesurlogne-ecole.fr\/wp-content\/uploads\/2022\/03\/IMG_1046-300x225.jpg\" alt=\"\" width=\"300\" height=\"225\" srcset=\"https:\/\/corcouesurlogne-ecole.fr\/wp-content\/uploads\/2022\/03\/IMG_1046-300x225.jpg 300w, https:\/\/corcouesurlogne-ecole.fr\/wp-content\/uploads\/2022\/03\/IMG_1046.jpg 640w\" sizes=\"(max-width: 300px) 100vw, 300px\" \/><\/a><\/p>\n<p>Malo aime la p\u00eache au bord de la rivi\u00e8re. Malheureusement, un torrent de boue recouvre le fond de la rivi\u00e8re et celle-ci se meurt. Plus de libellule, plus de grenouille, plus de canard, plus de poisson.&nbsp;<\/p>\n<p><a href=\"https:\/\/corcouesurlogne-ecole.fr\/wp-content\/uploads\/2022\/03\/IMG_1051.jpg\"><img loading=\"lazy\" decoding=\"async\" class=\"size-medium wp-image-9183 alignleft\" src=\"https:\/\/corcouesurlogne-ecole.fr\/wp-content\/uploads\/2022\/03\/IMG_1051-300x225.jpg\" alt=\"\" width=\"300\" height=\"225\" srcset=\"https:\/\/corcouesurlogne-ecole.fr\/wp-content\/uploads\/2022\/03\/IMG_1051-300x225.jpg 300w, https:\/\/corcouesurlogne-ecole.fr\/wp-content\/uploads\/2022\/03\/IMG_1051.jpg 640w\" sizes=\"(max-width: 300px) 100vw, 300px\" \/><\/a> <a href=\"https:\/\/corcouesurlogne-ecole.fr\/wp-content\/uploads\/2022\/03\/IMG_1049.jpg\"><img loading=\"lazy\" decoding=\"async\" class=\"aligncenter size-medium wp-image-9182\" src=\"https:\/\/corcouesurlogne-ecole.fr\/wp-content\/uploads\/2022\/03\/IMG_1049-300x225.jpg\" alt=\"\" width=\"300\" height=\"225\" srcset=\"https:\/\/corcouesurlogne-ecole.fr\/wp-content\/uploads\/2022\/03\/IMG_1049-300x225.jpg 300w, https:\/\/corcouesurlogne-ecole.fr\/wp-content\/uploads\/2022\/03\/IMG_1049.jpg 640w\" sizes=\"(max-width: 300px) 100vw, 300px\" \/><\/a><\/p>\n<p>Malo est l\u00e0 chaque jour, pour voir et entendre Lucine. Un jour, elle attire Malo dans la rivi\u00e8re et lui raconte qu&rsquo;elle a enferm\u00e9 dans un coffre les plus grains de sable et qu&rsquo;elle doit les d\u00e9livrer.<\/p>\n<p><a href=\"https:\/\/corcouesurlogne-ecole.fr\/wp-content\/uploads\/2022\/03\/IMG_1054-rotated.jpg\"><img loading=\"lazy\" decoding=\"async\" class=\"size-medium wp-image-9185 alignleft\" src=\"https:\/\/corcouesurlogne-ecole.fr\/wp-content\/uploads\/2022\/03\/IMG_1054-225x300.jpg\" alt=\"\" width=\"225\" height=\"300\" srcset=\"https:\/\/corcouesurlogne-ecole.fr\/wp-content\/uploads\/2022\/03\/IMG_1054-225x300.jpg 225w, https:\/\/corcouesurlogne-ecole.fr\/wp-content\/uploads\/2022\/03\/IMG_1054-rotated.jpg 480w\" sizes=\"(max-width: 225px) 100vw, 225px\" \/><\/a> <a href=\"https:\/\/corcouesurlogne-ecole.fr\/wp-content\/uploads\/2022\/03\/IMG_1053-rotated.jpg\"><img loading=\"lazy\" decoding=\"async\" class=\"aligncenter size-medium wp-image-9184\" src=\"https:\/\/corcouesurlogne-ecole.fr\/wp-content\/uploads\/2022\/03\/IMG_1053-225x300.jpg\" alt=\"\" width=\"225\" height=\"300\" srcset=\"https:\/\/corcouesurlogne-ecole.fr\/wp-content\/uploads\/2022\/03\/IMG_1053-225x300.jpg 225w, https:\/\/corcouesurlogne-ecole.fr\/wp-content\/uploads\/2022\/03\/IMG_1053-rotated.jpg 480w\" sizes=\"(max-width: 225px) 100vw, 225px\" \/><\/a><\/p>\n<p>Elle demande de l&rsquo;aide \u00e0 Malo. Celui-ci plonge et essaie de sortir le coffre de l&rsquo;eau.<\/p>\n<p><a href=\"https:\/\/corcouesurlogne-ecole.fr\/wp-content\/uploads\/2022\/03\/IMG_1064-rotated.jpg\"><img loading=\"lazy\" decoding=\"async\" class=\"size-medium wp-image-9188 alignleft\" src=\"https:\/\/corcouesurlogne-ecole.fr\/wp-content\/uploads\/2022\/03\/IMG_1064-225x300.jpg\" alt=\"\" width=\"225\" height=\"300\" srcset=\"https:\/\/corcouesurlogne-ecole.fr\/wp-content\/uploads\/2022\/03\/IMG_1064-225x300.jpg 225w, https:\/\/corcouesurlogne-ecole.fr\/wp-content\/uploads\/2022\/03\/IMG_1064-rotated.jpg 480w\" sizes=\"(max-width: 225px) 100vw, 225px\" \/><\/a> <a href=\"https:\/\/corcouesurlogne-ecole.fr\/wp-content\/uploads\/2022\/03\/IMG_1061-rotated.jpg\"><img loading=\"lazy\" decoding=\"async\" class=\"aligncenter size-medium wp-image-9187\" src=\"https:\/\/corcouesurlogne-ecole.fr\/wp-content\/uploads\/2022\/03\/IMG_1061-225x300.jpg\" alt=\"\" width=\"225\" height=\"300\" srcset=\"https:\/\/corcouesurlogne-ecole.fr\/wp-content\/uploads\/2022\/03\/IMG_1061-225x300.jpg 225w, https:\/\/corcouesurlogne-ecole.fr\/wp-content\/uploads\/2022\/03\/IMG_1061-rotated.jpg 480w\" sizes=\"(max-width: 225px) 100vw, 225px\" \/><\/a><\/p>\n<p>Malo r\u00e9ussit finalement \u00e0 poser le coffre sur la berge. C&rsquo;est alors que le coffre s&rsquo;ouvre et laisse couler un large flot de sable.&nbsp;<\/p>\n<p><a href=\"https:\/\/corcouesurlogne-ecole.fr\/wp-content\/uploads\/2022\/03\/IMG_1067-1-rotated.jpg\"><img loading=\"lazy\" decoding=\"async\" class=\"size-medium wp-image-9196 alignleft\" src=\"https:\/\/corcouesurlogne-ecole.fr\/wp-content\/uploads\/2022\/03\/IMG_1067-1-225x300.jpg\" alt=\"\" width=\"225\" height=\"300\" srcset=\"https:\/\/corcouesurlogne-ecole.fr\/wp-content\/uploads\/2022\/03\/IMG_1067-1-225x300.jpg 225w, https:\/\/corcouesurlogne-ecole.fr\/wp-content\/uploads\/2022\/03\/IMG_1067-1-rotated.jpg 480w\" sizes=\"(max-width: 225px) 100vw, 225px\" \/><\/a> <a href=\"https:\/\/corcouesurlogne-ecole.fr\/wp-content\/uploads\/2022\/03\/IMG_1068-rotated.jpg\"><img loading=\"lazy\" decoding=\"async\" class=\"aligncenter size-medium wp-image-9197\" src=\"https:\/\/corcouesurlogne-ecole.fr\/wp-content\/uploads\/2022\/03\/IMG_1068-225x300.jpg\" alt=\"\" width=\"225\" height=\"300\" srcset=\"https:\/\/corcouesurlogne-ecole.fr\/wp-content\/uploads\/2022\/03\/IMG_1068-225x300.jpg 225w, https:\/\/corcouesurlogne-ecole.fr\/wp-content\/uploads\/2022\/03\/IMG_1068-rotated.jpg 480w\" sizes=\"(max-width: 225px) 100vw, 225px\" \/><\/a><\/p>\n<p><a href=\"https:\/\/corcouesurlogne-ecole.fr\/wp-content\/uploads\/2022\/03\/IMG_1073.jpg\"><img loading=\"lazy\" decoding=\"async\" class=\"aligncenter size-medium wp-image-9192\" src=\"https:\/\/corcouesurlogne-ecole.fr\/wp-content\/uploads\/2022\/03\/IMG_1073-300x225.jpg\" alt=\"\" width=\"300\" height=\"225\" srcset=\"https:\/\/corcouesurlogne-ecole.fr\/wp-content\/uploads\/2022\/03\/IMG_1073-300x225.jpg 300w, https:\/\/corcouesurlogne-ecole.fr\/wp-content\/uploads\/2022\/03\/IMG_1073.jpg 640w\" sizes=\"(max-width: 300px) 100vw, 300px\" \/><\/a><\/p>\n<p>Dans la rivi\u00e8re toute claire, Lucine est revenue et se met \u00e0 chanter. Le chant est si beau qu&rsquo;il attire Malo tout au fond de l&rsquo;eau.&nbsp;<\/p>\n<p>L&rsquo;apercevant, Lucine le sauve. Dans la rivi\u00e8re , tous les poissons sont revenus.<\/p>\n<p>La rivi\u00e8re a repris vie !&nbsp;<\/p>\n<p>&nbsp;<\/p>\n<p>&nbsp;<\/p>\n<p>&nbsp;<\/p>\n<p>&nbsp;<\/p>\n<p>&nbsp;<\/p>\n<p>&nbsp;<\/p>\n","protected":false},"excerpt":{"rendered":"<p>Mardi&nbsp; 29 mars, les maternelles et CP ont assist\u00e9 au spectacle de la compagnie des 3 Chardons : Lucine et Malo. Malo aime la p\u00eache au bord de la rivi\u00e8re. Malheureusement, un torrent de boue recouvre le fond de la rivi\u00e8re et celle-ci se meurt. Plus de libellule, plus de grenouille, plus de canard, plus<\/p>\n<p><a href=\"https:\/\/corcouesurlogne-ecole.fr\/?p=9179\" class=\"more-link themebutton\">Lire la suite<\/a><\/p>\n","protected":false},"author":1,"featured_media":9198,"comment_status":"closed","ping_status":"closed","sticky":false,"template":"","format":"standard","meta":{"ngg_post_thumbnail":0,"footnotes":""},"categories":[23,26,25],"tags":[],"_links":{"self":[{"href":"https:\/\/corcouesurlogne-ecole.fr\/index.php?rest_route=\/wp\/v2\/posts\/9179"}],"collection":[{"href":"https:\/\/corcouesurlogne-ecole.fr\/index.php?rest_route=\/wp\/v2\/posts"}],"about":[{"href":"https:\/\/corcouesurlogne-ecole.fr\/index.php?rest_route=\/wp\/v2\/types\/post"}],"author":[{"embeddable":true,"href":"https:\/\/corcouesurlogne-ecole.fr\/index.php?rest_route=\/wp\/v2\/users\/1"}],"replies":[{"embeddable":true,"href":"https:\/\/corcouesurlogne-ecole.fr\/index.php?rest_route=%2Fwp%2Fv2%2Fcomments&post=9179"}],"version-history":[{"count":3,"href":"https:\/\/corcouesurlogne-ecole.fr\/index.php?rest_route=\/wp\/v2\/posts\/9179\/revisions"}],"predecessor-version":[{"id":9199,"href":"https:\/\/corcouesurlogne-ecole.fr\/index.php?rest_route=\/wp\/v2\/posts\/9179\/revisions\/9199"}],"wp:featuredmedia":[{"embeddable":true,"href":"https:\/\/corcouesurlogne-ecole.fr\/index.php?rest_route=\/wp\/v2\/media\/9198"}],"wp:attachment":[{"href":"https:\/\/corcouesurlogne-ecole.fr\/index.php?rest_route=%2Fwp%2Fv2%2Fmedia&parent=9179"}],"wp:term":[{"taxonomy":"category","embeddable":true,"href":"https:\/\/corcouesurlogne-ecole.fr\/index.php?rest_route=%2Fwp%2Fv2%2Fcategories&post=9179"},{"taxonomy":"post_tag","embeddable":true,"href":"https:\/\/corcouesurlogne-ecole.fr\/index.php?rest_route=%2Fwp%2Fv2%2Ftags&post=9179"}],"curies":[{"name":"wp","href":"https:\/\/api.w.org\/{rel}","templated":true}]}}