{"id":9163,"date":"2022-03-27T15:11:56","date_gmt":"2022-03-27T14:11:56","guid":{"rendered":"https:\/\/corcouesurlogne-ecole.fr\/?p=9163"},"modified":"2022-03-27T15:11:56","modified_gmt":"2022-03-27T14:11:56","slug":"les-emotions-et-ses-besoins","status":"publish","type":"post","link":"https:\/\/corcouesurlogne-ecole.fr\/?p=9163","title":{"rendered":"Les \u00e9motions et ses besoins"},"content":{"rendered":"<p>: LES EMOTIONS<\/p>\n<p>&nbsp;Le climat scolaire passe par la gestion des \u00e9motions int\u00e9rieures : nommer son \u00e9motion, rechercher son besoin.<\/p>\n<p>A partir d&rsquo;un album \u00ab\u00a0le loup qui apprivoisait ses \u00e9motions \u00ab\u00a0, de photos , nous avons cat\u00e9goris\u00e9 les diff\u00e9rentes \u00e9motions : <a href=\"https:\/\/corcouesurlogne-ecole.fr\/wp-content\/uploads\/2022\/03\/LES-EMOTIONS-ET-RESSENTIS-titre.jpg\"><img loading=\"lazy\" decoding=\"async\" class=\"aligncenter size-medium wp-image-9168\" src=\"https:\/\/corcouesurlogne-ecole.fr\/wp-content\/uploads\/2022\/03\/LES-EMOTIONS-ET-RESSENTIS-titre-300x169.jpg\" alt=\"\" width=\"300\" height=\"169\" srcset=\"https:\/\/corcouesurlogne-ecole.fr\/wp-content\/uploads\/2022\/03\/LES-EMOTIONS-ET-RESSENTIS-titre-300x169.jpg 300w, https:\/\/corcouesurlogne-ecole.fr\/wp-content\/uploads\/2022\/03\/LES-EMOTIONS-ET-RESSENTIS-titre-1024x576.jpg 1024w, https:\/\/corcouesurlogne-ecole.fr\/wp-content\/uploads\/2022\/03\/LES-EMOTIONS-ET-RESSENTIS-titre-768x432.jpg 768w, https:\/\/corcouesurlogne-ecole.fr\/wp-content\/uploads\/2022\/03\/LES-EMOTIONS-ET-RESSENTIS-titre.jpg 1280w\" sizes=\"(max-width: 300px) 100vw, 300px\" \/><\/a><\/p>\n<p><a href=\"https:\/\/corcouesurlogne-ecole.fr\/wp-content\/uploads\/2022\/03\/LES-EMOTIONS-ET-RESSENTIS-1.jpg\"><img loading=\"lazy\" decoding=\"async\" class=\"size-medium wp-image-9164 alignleft\" src=\"https:\/\/corcouesurlogne-ecole.fr\/wp-content\/uploads\/2022\/03\/LES-EMOTIONS-ET-RESSENTIS-1-300x169.jpg\" alt=\"\" width=\"300\" height=\"169\" srcset=\"https:\/\/corcouesurlogne-ecole.fr\/wp-content\/uploads\/2022\/03\/LES-EMOTIONS-ET-RESSENTIS-1-300x169.jpg 300w, https:\/\/corcouesurlogne-ecole.fr\/wp-content\/uploads\/2022\/03\/LES-EMOTIONS-ET-RESSENTIS-1-1024x576.jpg 1024w, https:\/\/corcouesurlogne-ecole.fr\/wp-content\/uploads\/2022\/03\/LES-EMOTIONS-ET-RESSENTIS-1-768x432.jpg 768w, https:\/\/corcouesurlogne-ecole.fr\/wp-content\/uploads\/2022\/03\/LES-EMOTIONS-ET-RESSENTIS-1.jpg 1280w\" sizes=\"(max-width: 300px) 100vw, 300px\" \/><\/a> <a href=\"https:\/\/corcouesurlogne-ecole.fr\/wp-content\/uploads\/2022\/03\/LES-EMOTIONS-ET-RESSENTIS-2.jpg\"><img loading=\"lazy\" decoding=\"async\" class=\"aligncenter size-medium wp-image-9165\" src=\"https:\/\/corcouesurlogne-ecole.fr\/wp-content\/uploads\/2022\/03\/LES-EMOTIONS-ET-RESSENTIS-2-300x169.jpg\" alt=\"\" width=\"300\" height=\"169\" srcset=\"https:\/\/corcouesurlogne-ecole.fr\/wp-content\/uploads\/2022\/03\/LES-EMOTIONS-ET-RESSENTIS-2-300x169.jpg 300w, https:\/\/corcouesurlogne-ecole.fr\/wp-content\/uploads\/2022\/03\/LES-EMOTIONS-ET-RESSENTIS-2-1024x576.jpg 1024w, https:\/\/corcouesurlogne-ecole.fr\/wp-content\/uploads\/2022\/03\/LES-EMOTIONS-ET-RESSENTIS-2-768x432.jpg 768w, https:\/\/corcouesurlogne-ecole.fr\/wp-content\/uploads\/2022\/03\/LES-EMOTIONS-ET-RESSENTIS-2.jpg 1280w\" sizes=\"(max-width: 300px) 100vw, 300px\" \/><\/a> <a href=\"https:\/\/corcouesurlogne-ecole.fr\/wp-content\/uploads\/2022\/03\/LES-EMOTIONS-ET-RESSENTIS-3.jpg\"><img loading=\"lazy\" decoding=\"async\" class=\"size-medium wp-image-9166 alignleft\" src=\"https:\/\/corcouesurlogne-ecole.fr\/wp-content\/uploads\/2022\/03\/LES-EMOTIONS-ET-RESSENTIS-3-300x169.jpg\" alt=\"\" width=\"300\" height=\"169\" srcset=\"https:\/\/corcouesurlogne-ecole.fr\/wp-content\/uploads\/2022\/03\/LES-EMOTIONS-ET-RESSENTIS-3-300x169.jpg 300w, https:\/\/corcouesurlogne-ecole.fr\/wp-content\/uploads\/2022\/03\/LES-EMOTIONS-ET-RESSENTIS-3-1024x576.jpg 1024w, https:\/\/corcouesurlogne-ecole.fr\/wp-content\/uploads\/2022\/03\/LES-EMOTIONS-ET-RESSENTIS-3-768x432.jpg 768w, https:\/\/corcouesurlogne-ecole.fr\/wp-content\/uploads\/2022\/03\/LES-EMOTIONS-ET-RESSENTIS-3.jpg 1280w\" sizes=\"(max-width: 300px) 100vw, 300px\" \/><\/a> <a href=\"https:\/\/corcouesurlogne-ecole.fr\/wp-content\/uploads\/2022\/03\/LES-EMOTIONS-ET-RESSENTIS-4.jpg\"><img loading=\"lazy\" decoding=\"async\" class=\"aligncenter size-medium wp-image-9167\" src=\"https:\/\/corcouesurlogne-ecole.fr\/wp-content\/uploads\/2022\/03\/LES-EMOTIONS-ET-RESSENTIS-4-300x169.jpg\" alt=\"\" width=\"300\" height=\"169\" srcset=\"https:\/\/corcouesurlogne-ecole.fr\/wp-content\/uploads\/2022\/03\/LES-EMOTIONS-ET-RESSENTIS-4-300x169.jpg 300w, https:\/\/corcouesurlogne-ecole.fr\/wp-content\/uploads\/2022\/03\/LES-EMOTIONS-ET-RESSENTIS-4-1024x576.jpg 1024w, https:\/\/corcouesurlogne-ecole.fr\/wp-content\/uploads\/2022\/03\/LES-EMOTIONS-ET-RESSENTIS-4-768x432.jpg 768w, https:\/\/corcouesurlogne-ecole.fr\/wp-content\/uploads\/2022\/03\/LES-EMOTIONS-ET-RESSENTIS-4.jpg 1280w\" sizes=\"(max-width: 300px) 100vw, 300px\" \/><\/a><\/p>\n<p>&nbsp;<\/p>\n<p>Ses \u00e9motions et ressentis font appel \u00e0 des besoins que nous avons list\u00e9:&nbsp;<\/p>\n<p><a href=\"https:\/\/corcouesurlogne-ecole.fr\/wp-content\/uploads\/2022\/03\/LES-BESOINS-titre.jpg\"><img loading=\"lazy\" decoding=\"async\" class=\"aligncenter size-medium wp-image-9173\" src=\"https:\/\/corcouesurlogne-ecole.fr\/wp-content\/uploads\/2022\/03\/LES-BESOINS-titre-300x169.jpg\" alt=\"\" width=\"300\" height=\"169\" srcset=\"https:\/\/corcouesurlogne-ecole.fr\/wp-content\/uploads\/2022\/03\/LES-BESOINS-titre-300x169.jpg 300w, https:\/\/corcouesurlogne-ecole.fr\/wp-content\/uploads\/2022\/03\/LES-BESOINS-titre-1024x576.jpg 1024w, https:\/\/corcouesurlogne-ecole.fr\/wp-content\/uploads\/2022\/03\/LES-BESOINS-titre-768x432.jpg 768w, https:\/\/corcouesurlogne-ecole.fr\/wp-content\/uploads\/2022\/03\/LES-BESOINS-titre.jpg 1280w\" sizes=\"(max-width: 300px) 100vw, 300px\" \/><\/a><\/p>\n<p><a href=\"https:\/\/corcouesurlogne-ecole.fr\/wp-content\/uploads\/2022\/03\/LES-BESOINS-1.jpg\"><img loading=\"lazy\" decoding=\"async\" class=\"size-medium wp-image-9169 alignleft\" src=\"https:\/\/corcouesurlogne-ecole.fr\/wp-content\/uploads\/2022\/03\/LES-BESOINS-1-300x169.jpg\" alt=\"\" width=\"300\" height=\"169\" srcset=\"https:\/\/corcouesurlogne-ecole.fr\/wp-content\/uploads\/2022\/03\/LES-BESOINS-1-300x169.jpg 300w, https:\/\/corcouesurlogne-ecole.fr\/wp-content\/uploads\/2022\/03\/LES-BESOINS-1-1024x576.jpg 1024w, https:\/\/corcouesurlogne-ecole.fr\/wp-content\/uploads\/2022\/03\/LES-BESOINS-1-768x432.jpg 768w, https:\/\/corcouesurlogne-ecole.fr\/wp-content\/uploads\/2022\/03\/LES-BESOINS-1.jpg 1280w\" sizes=\"(max-width: 300px) 100vw, 300px\" \/><\/a> <a href=\"https:\/\/corcouesurlogne-ecole.fr\/wp-content\/uploads\/2022\/03\/LES-BESOINS-2.jpg\"><img loading=\"lazy\" decoding=\"async\" class=\"aligncenter size-medium wp-image-9170\" src=\"https:\/\/corcouesurlogne-ecole.fr\/wp-content\/uploads\/2022\/03\/LES-BESOINS-2-300x169.jpg\" alt=\"\" width=\"300\" height=\"169\" srcset=\"https:\/\/corcouesurlogne-ecole.fr\/wp-content\/uploads\/2022\/03\/LES-BESOINS-2-300x169.jpg 300w, https:\/\/corcouesurlogne-ecole.fr\/wp-content\/uploads\/2022\/03\/LES-BESOINS-2-1024x576.jpg 1024w, https:\/\/corcouesurlogne-ecole.fr\/wp-content\/uploads\/2022\/03\/LES-BESOINS-2-768x432.jpg 768w, https:\/\/corcouesurlogne-ecole.fr\/wp-content\/uploads\/2022\/03\/LES-BESOINS-2.jpg 1280w\" sizes=\"(max-width: 300px) 100vw, 300px\" \/><\/a> <a href=\"https:\/\/corcouesurlogne-ecole.fr\/wp-content\/uploads\/2022\/03\/LES-BESOINS-3.jpg\"><img loading=\"lazy\" decoding=\"async\" class=\"size-medium wp-image-9171 alignleft\" src=\"https:\/\/corcouesurlogne-ecole.fr\/wp-content\/uploads\/2022\/03\/LES-BESOINS-3-300x169.jpg\" alt=\"\" width=\"300\" height=\"169\" srcset=\"https:\/\/corcouesurlogne-ecole.fr\/wp-content\/uploads\/2022\/03\/LES-BESOINS-3-300x169.jpg 300w, https:\/\/corcouesurlogne-ecole.fr\/wp-content\/uploads\/2022\/03\/LES-BESOINS-3-1024x576.jpg 1024w, https:\/\/corcouesurlogne-ecole.fr\/wp-content\/uploads\/2022\/03\/LES-BESOINS-3-768x432.jpg 768w, https:\/\/corcouesurlogne-ecole.fr\/wp-content\/uploads\/2022\/03\/LES-BESOINS-3.jpg 1280w\" sizes=\"(max-width: 300px) 100vw, 300px\" \/><\/a> <a href=\"https:\/\/corcouesurlogne-ecole.fr\/wp-content\/uploads\/2022\/03\/LES-BESOINS-4.jpg\"><img loading=\"lazy\" decoding=\"async\" class=\"aligncenter size-medium wp-image-9172\" src=\"https:\/\/corcouesurlogne-ecole.fr\/wp-content\/uploads\/2022\/03\/LES-BESOINS-4-300x169.jpg\" alt=\"\" width=\"300\" height=\"169\" srcset=\"https:\/\/corcouesurlogne-ecole.fr\/wp-content\/uploads\/2022\/03\/LES-BESOINS-4-300x169.jpg 300w, https:\/\/corcouesurlogne-ecole.fr\/wp-content\/uploads\/2022\/03\/LES-BESOINS-4-1024x576.jpg 1024w, https:\/\/corcouesurlogne-ecole.fr\/wp-content\/uploads\/2022\/03\/LES-BESOINS-4-768x432.jpg 768w, https:\/\/corcouesurlogne-ecole.fr\/wp-content\/uploads\/2022\/03\/LES-BESOINS-4.jpg 1280w\" sizes=\"(max-width: 300px) 100vw, 300px\" \/><\/a><\/p>\n<p>&nbsp;<\/p>\n<p>Nous avons install\u00e9 des pratiques corporelles pour lib\u00e9rer les tensions \u00e0 l\u2019aide de mat\u00e9riel auditif ou visuel, et mis en place la m\u00e9t\u00e9o int\u00e9rieure de la classe.<\/p>\n<p><a href=\"https:\/\/corcouesurlogne-ecole.fr\/wp-content\/uploads\/2022\/03\/Meteo-interieure-de-la-classe.jpg\"><img loading=\"lazy\" decoding=\"async\" class=\"aligncenter size-medium wp-image-9174\" src=\"https:\/\/corcouesurlogne-ecole.fr\/wp-content\/uploads\/2022\/03\/Meteo-interieure-de-la-classe-300x169.jpg\" alt=\"\" width=\"300\" height=\"169\" srcset=\"https:\/\/corcouesurlogne-ecole.fr\/wp-content\/uploads\/2022\/03\/Meteo-interieure-de-la-classe-300x169.jpg 300w, https:\/\/corcouesurlogne-ecole.fr\/wp-content\/uploads\/2022\/03\/Meteo-interieure-de-la-classe-1024x576.jpg 1024w, https:\/\/corcouesurlogne-ecole.fr\/wp-content\/uploads\/2022\/03\/Meteo-interieure-de-la-classe-768x432.jpg 768w, https:\/\/corcouesurlogne-ecole.fr\/wp-content\/uploads\/2022\/03\/Meteo-interieure-de-la-classe.jpg 1280w\" sizes=\"(max-width: 300px) 100vw, 300px\" \/><\/a><\/p>\n<p>&nbsp;<\/p>\n<p>Nous avons fabriqu\u00e9 une roue individuelle des \u00e9motions :&nbsp;<\/p>\n<p><a href=\"https:\/\/corcouesurlogne-ecole.fr\/wp-content\/uploads\/2022\/03\/roue-des-emotions-CP.jpg\"><img loading=\"lazy\" decoding=\"async\" class=\"size-medium wp-image-9175 alignleft\" src=\"https:\/\/corcouesurlogne-ecole.fr\/wp-content\/uploads\/2022\/03\/roue-des-emotions-CP-300x169.jpg\" alt=\"\" width=\"300\" height=\"169\" srcset=\"https:\/\/corcouesurlogne-ecole.fr\/wp-content\/uploads\/2022\/03\/roue-des-emotions-CP-300x169.jpg 300w, https:\/\/corcouesurlogne-ecole.fr\/wp-content\/uploads\/2022\/03\/roue-des-emotions-CP-1024x576.jpg 1024w, https:\/\/corcouesurlogne-ecole.fr\/wp-content\/uploads\/2022\/03\/roue-des-emotions-CP-768x432.jpg 768w, https:\/\/corcouesurlogne-ecole.fr\/wp-content\/uploads\/2022\/03\/roue-des-emotions-CP.jpg 1280w\" sizes=\"(max-width: 300px) 100vw, 300px\" \/><\/a> <a href=\"https:\/\/corcouesurlogne-ecole.fr\/wp-content\/uploads\/2022\/03\/IMG_1042-rotated.jpg\"><img loading=\"lazy\" decoding=\"async\" class=\"aligncenter wp-image-9176 size-medium\" src=\"https:\/\/corcouesurlogne-ecole.fr\/wp-content\/uploads\/2022\/03\/IMG_1042-rotated-e1648390261457-300x225.jpg\" alt=\"\" width=\"300\" height=\"225\" srcset=\"https:\/\/corcouesurlogne-ecole.fr\/wp-content\/uploads\/2022\/03\/IMG_1042-rotated-e1648390261457-300x225.jpg 300w, https:\/\/corcouesurlogne-ecole.fr\/wp-content\/uploads\/2022\/03\/IMG_1042-rotated-e1648390261457.jpg 640w\" sizes=\"(max-width: 300px) 100vw, 300px\" \/><\/a><\/p>\n<p>Le but est de conna\u00eetre son corps, trouver son \u00e9quilibre \u00e9motionnel et &nbsp;bien vivre ensemble dans un climat apais\u00e9.<\/p>\n","protected":false},"excerpt":{"rendered":"<p>: LES EMOTIONS &nbsp;Le climat scolaire passe par la gestion des \u00e9motions int\u00e9rieures : nommer son \u00e9motion, rechercher son besoin. A partir d&rsquo;un album \u00ab\u00a0le loup qui apprivoisait ses \u00e9motions \u00ab\u00a0, de photos , nous avons cat\u00e9goris\u00e9 les diff\u00e9rentes \u00e9motions : &nbsp; Ses \u00e9motions et ressentis font appel \u00e0 des besoins que nous avons list\u00e9:&nbsp;<\/p>\n<p><a href=\"https:\/\/corcouesurlogne-ecole.fr\/?p=9163\" class=\"more-link themebutton\">Lire la suite<\/a><\/p>\n","protected":false},"author":1,"featured_media":9176,"comment_status":"closed","ping_status":"closed","sticky":false,"template":"","format":"standard","meta":{"ngg_post_thumbnail":0,"footnotes":""},"categories":[23],"tags":[],"_links":{"self":[{"href":"https:\/\/corcouesurlogne-ecole.fr\/index.php?rest_route=\/wp\/v2\/posts\/9163"}],"collection":[{"href":"https:\/\/corcouesurlogne-ecole.fr\/index.php?rest_route=\/wp\/v2\/posts"}],"about":[{"href":"https:\/\/corcouesurlogne-ecole.fr\/index.php?rest_route=\/wp\/v2\/types\/post"}],"author":[{"embeddable":true,"href":"https:\/\/corcouesurlogne-ecole.fr\/index.php?rest_route=\/wp\/v2\/users\/1"}],"replies":[{"embeddable":true,"href":"https:\/\/corcouesurlogne-ecole.fr\/index.php?rest_route=%2Fwp%2Fv2%2Fcomments&post=9163"}],"version-history":[{"count":1,"href":"https:\/\/corcouesurlogne-ecole.fr\/index.php?rest_route=\/wp\/v2\/posts\/9163\/revisions"}],"predecessor-version":[{"id":9177,"href":"https:\/\/corcouesurlogne-ecole.fr\/index.php?rest_route=\/wp\/v2\/posts\/9163\/revisions\/9177"}],"wp:featuredmedia":[{"embeddable":true,"href":"https:\/\/corcouesurlogne-ecole.fr\/index.php?rest_route=\/wp\/v2\/media\/9176"}],"wp:attachment":[{"href":"https:\/\/corcouesurlogne-ecole.fr\/index.php?rest_route=%2Fwp%2Fv2%2Fmedia&parent=9163"}],"wp:term":[{"taxonomy":"category","embeddable":true,"href":"https:\/\/corcouesurlogne-ecole.fr\/index.php?rest_route=%2Fwp%2Fv2%2Fcategories&post=9163"},{"taxonomy":"post_tag","embeddable":true,"href":"https:\/\/corcouesurlogne-ecole.fr\/index.php?rest_route=%2Fwp%2Fv2%2Ftags&post=9163"}],"curies":[{"name":"wp","href":"https:\/\/api.w.org\/{rel}","templated":true}]}}