{"id":9090,"date":"2022-03-07T11:34:43","date_gmt":"2022-03-07T10:34:43","guid":{"rendered":"https:\/\/corcouesurlogne-ecole.fr\/?p=9090"},"modified":"2022-03-07T11:34:43","modified_gmt":"2022-03-07T10:34:43","slug":"carnaval-4","status":"publish","type":"post","link":"https:\/\/corcouesurlogne-ecole.fr\/?p=9090","title":{"rendered":"Carnaval"},"content":{"rendered":"<p>Samedi 5 mars a eu lieu le carnaval \u00e0 l&rsquo;\u00e9cole.<\/p>\n<p>La veille nous avons fait cuire la p\u00e2te \u00e0 cr\u00eapes pr\u00e9par\u00e9e par les \u00e9l\u00e8ves de maternelle.<\/p>\n<p><a href=\"https:\/\/corcouesurlogne-ecole.fr\/wp-content\/uploads\/2022\/03\/IMG_9367-scaled.jpg\"><img loading=\"lazy\" decoding=\"async\" class=\"alignnone size-medium wp-image-9091\" src=\"https:\/\/corcouesurlogne-ecole.fr\/wp-content\/uploads\/2022\/03\/IMG_9367-300x225.jpg\" alt=\"\" width=\"300\" height=\"225\" srcset=\"https:\/\/corcouesurlogne-ecole.fr\/wp-content\/uploads\/2022\/03\/IMG_9367-300x225.jpg 300w, https:\/\/corcouesurlogne-ecole.fr\/wp-content\/uploads\/2022\/03\/IMG_9367-1024x768.jpg 1024w, https:\/\/corcouesurlogne-ecole.fr\/wp-content\/uploads\/2022\/03\/IMG_9367-768x576.jpg 768w, https:\/\/corcouesurlogne-ecole.fr\/wp-content\/uploads\/2022\/03\/IMG_9367-1536x1152.jpg 1536w, https:\/\/corcouesurlogne-ecole.fr\/wp-content\/uploads\/2022\/03\/IMG_9367-2048x1536.jpg 2048w\" sizes=\"(max-width: 300px) 100vw, 300px\" \/><\/a> <a href=\"https:\/\/corcouesurlogne-ecole.fr\/wp-content\/uploads\/2022\/03\/IMG_9368-scaled.jpg\"><img loading=\"lazy\" decoding=\"async\" class=\"alignnone size-medium wp-image-9092\" src=\"https:\/\/corcouesurlogne-ecole.fr\/wp-content\/uploads\/2022\/03\/IMG_9368-300x225.jpg\" alt=\"\" width=\"300\" height=\"225\" srcset=\"https:\/\/corcouesurlogne-ecole.fr\/wp-content\/uploads\/2022\/03\/IMG_9368-300x225.jpg 300w, https:\/\/corcouesurlogne-ecole.fr\/wp-content\/uploads\/2022\/03\/IMG_9368-1024x768.jpg 1024w, https:\/\/corcouesurlogne-ecole.fr\/wp-content\/uploads\/2022\/03\/IMG_9368-768x576.jpg 768w, https:\/\/corcouesurlogne-ecole.fr\/wp-content\/uploads\/2022\/03\/IMG_9368-1536x1152.jpg 1536w, https:\/\/corcouesurlogne-ecole.fr\/wp-content\/uploads\/2022\/03\/IMG_9368-2048x1536.jpg 2048w\" sizes=\"(max-width: 300px) 100vw, 300px\" \/><\/a> <a href=\"https:\/\/corcouesurlogne-ecole.fr\/wp-content\/uploads\/2022\/03\/IMG_9369-scaled.jpg\"><img loading=\"lazy\" decoding=\"async\" class=\"alignnone size-medium wp-image-9093\" src=\"https:\/\/corcouesurlogne-ecole.fr\/wp-content\/uploads\/2022\/03\/IMG_9369-300x225.jpg\" alt=\"\" width=\"300\" height=\"225\" srcset=\"https:\/\/corcouesurlogne-ecole.fr\/wp-content\/uploads\/2022\/03\/IMG_9369-300x225.jpg 300w, https:\/\/corcouesurlogne-ecole.fr\/wp-content\/uploads\/2022\/03\/IMG_9369-1024x768.jpg 1024w, https:\/\/corcouesurlogne-ecole.fr\/wp-content\/uploads\/2022\/03\/IMG_9369-768x576.jpg 768w, https:\/\/corcouesurlogne-ecole.fr\/wp-content\/uploads\/2022\/03\/IMG_9369-1536x1152.jpg 1536w, https:\/\/corcouesurlogne-ecole.fr\/wp-content\/uploads\/2022\/03\/IMG_9369-2048x1536.jpg 2048w\" sizes=\"(max-width: 300px) 100vw, 300px\" \/><\/a> <a href=\"https:\/\/corcouesurlogne-ecole.fr\/wp-content\/uploads\/2022\/03\/IMG_9370-scaled.jpg\"><img loading=\"lazy\" decoding=\"async\" class=\"alignnone size-medium wp-image-9094\" src=\"https:\/\/corcouesurlogne-ecole.fr\/wp-content\/uploads\/2022\/03\/IMG_9370-300x225.jpg\" alt=\"\" width=\"300\" height=\"225\" srcset=\"https:\/\/corcouesurlogne-ecole.fr\/wp-content\/uploads\/2022\/03\/IMG_9370-300x225.jpg 300w, https:\/\/corcouesurlogne-ecole.fr\/wp-content\/uploads\/2022\/03\/IMG_9370-1024x768.jpg 1024w, https:\/\/corcouesurlogne-ecole.fr\/wp-content\/uploads\/2022\/03\/IMG_9370-768x576.jpg 768w, https:\/\/corcouesurlogne-ecole.fr\/wp-content\/uploads\/2022\/03\/IMG_9370-1536x1152.jpg 1536w, https:\/\/corcouesurlogne-ecole.fr\/wp-content\/uploads\/2022\/03\/IMG_9370-2048x1536.jpg 2048w\" sizes=\"(max-width: 300px) 100vw, 300px\" \/><\/a><\/p>\n<p>Avant le d\u00e9fil\u00e9, nous avons confectionn\u00e9 nos masque.<\/p>\n<p><a href=\"https:\/\/corcouesurlogne-ecole.fr\/wp-content\/uploads\/2022\/03\/IMG_9371-scaled.jpg\"><img loading=\"lazy\" decoding=\"async\" class=\"alignnone size-medium wp-image-9095\" src=\"https:\/\/corcouesurlogne-ecole.fr\/wp-content\/uploads\/2022\/03\/IMG_9371-300x225.jpg\" alt=\"\" width=\"300\" height=\"225\" srcset=\"https:\/\/corcouesurlogne-ecole.fr\/wp-content\/uploads\/2022\/03\/IMG_9371-300x225.jpg 300w, https:\/\/corcouesurlogne-ecole.fr\/wp-content\/uploads\/2022\/03\/IMG_9371-1024x768.jpg 1024w, https:\/\/corcouesurlogne-ecole.fr\/wp-content\/uploads\/2022\/03\/IMG_9371-768x576.jpg 768w, https:\/\/corcouesurlogne-ecole.fr\/wp-content\/uploads\/2022\/03\/IMG_9371-1536x1152.jpg 1536w, https:\/\/corcouesurlogne-ecole.fr\/wp-content\/uploads\/2022\/03\/IMG_9371-2048x1536.jpg 2048w\" sizes=\"(max-width: 300px) 100vw, 300px\" \/><\/a> <a href=\"https:\/\/corcouesurlogne-ecole.fr\/wp-content\/uploads\/2022\/03\/IMG_9372-scaled.jpg\"><img loading=\"lazy\" decoding=\"async\" class=\"alignnone size-medium wp-image-9096\" src=\"https:\/\/corcouesurlogne-ecole.fr\/wp-content\/uploads\/2022\/03\/IMG_9372-300x225.jpg\" alt=\"\" width=\"300\" height=\"225\" srcset=\"https:\/\/corcouesurlogne-ecole.fr\/wp-content\/uploads\/2022\/03\/IMG_9372-300x225.jpg 300w, https:\/\/corcouesurlogne-ecole.fr\/wp-content\/uploads\/2022\/03\/IMG_9372-1024x768.jpg 1024w, https:\/\/corcouesurlogne-ecole.fr\/wp-content\/uploads\/2022\/03\/IMG_9372-768x576.jpg 768w, https:\/\/corcouesurlogne-ecole.fr\/wp-content\/uploads\/2022\/03\/IMG_9372-1536x1152.jpg 1536w, https:\/\/corcouesurlogne-ecole.fr\/wp-content\/uploads\/2022\/03\/IMG_9372-2048x1536.jpg 2048w\" sizes=\"(max-width: 300px) 100vw, 300px\" \/><\/a><\/p>\n<p>Nous voil\u00e0 pr\u00eats pour le d\u00e9fil\u00e9!<\/p>\n<p><a href=\"https:\/\/corcouesurlogne-ecole.fr\/wp-content\/uploads\/2022\/03\/IMG_9374-scaled.jpg\"><img loading=\"lazy\" decoding=\"async\" class=\"alignnone size-medium wp-image-9097\" src=\"https:\/\/corcouesurlogne-ecole.fr\/wp-content\/uploads\/2022\/03\/IMG_9374-300x225.jpg\" alt=\"\" width=\"300\" height=\"225\" srcset=\"https:\/\/corcouesurlogne-ecole.fr\/wp-content\/uploads\/2022\/03\/IMG_9374-300x225.jpg 300w, https:\/\/corcouesurlogne-ecole.fr\/wp-content\/uploads\/2022\/03\/IMG_9374-1024x768.jpg 1024w, https:\/\/corcouesurlogne-ecole.fr\/wp-content\/uploads\/2022\/03\/IMG_9374-768x576.jpg 768w, https:\/\/corcouesurlogne-ecole.fr\/wp-content\/uploads\/2022\/03\/IMG_9374-1536x1152.jpg 1536w, https:\/\/corcouesurlogne-ecole.fr\/wp-content\/uploads\/2022\/03\/IMG_9374-2048x1536.jpg 2048w\" sizes=\"(max-width: 300px) 100vw, 300px\" \/><\/a> \u00a0\u00a0 \u00a0\u00a0 \u00a0\u00a0 \u00a0\u00a0 \u00a0\u00a0 \u00a0\u00a0 \u00a0\u00a0 <a href=\"https:\/\/corcouesurlogne-ecole.fr\/wp-content\/uploads\/2022\/03\/cm2-scaled.jpg\"><img loading=\"lazy\" decoding=\"async\" class=\"alignnone size-medium wp-image-9098\" src=\"https:\/\/corcouesurlogne-ecole.fr\/wp-content\/uploads\/2022\/03\/cm2-300x212.jpg\" alt=\"\" width=\"300\" height=\"212\" srcset=\"https:\/\/corcouesurlogne-ecole.fr\/wp-content\/uploads\/2022\/03\/cm2-300x212.jpg 300w, https:\/\/corcouesurlogne-ecole.fr\/wp-content\/uploads\/2022\/03\/cm2-1024x724.jpg 1024w, https:\/\/corcouesurlogne-ecole.fr\/wp-content\/uploads\/2022\/03\/cm2-768x543.jpg 768w, https:\/\/corcouesurlogne-ecole.fr\/wp-content\/uploads\/2022\/03\/cm2-1536x1086.jpg 1536w, https:\/\/corcouesurlogne-ecole.fr\/wp-content\/uploads\/2022\/03\/cm2-2048x1448.jpg 2048w\" sizes=\"(max-width: 300px) 100vw, 300px\" \/><\/a><\/p>\n","protected":false},"excerpt":{"rendered":"<p>Samedi 5 mars a eu lieu le carnaval \u00e0 l&rsquo;\u00e9cole. La veille nous avons fait cuire la p\u00e2te \u00e0 cr\u00eapes pr\u00e9par\u00e9e par les \u00e9l\u00e8ves de maternelle. Avant le d\u00e9fil\u00e9, nous avons confectionn\u00e9 nos masque. Nous voil\u00e0 pr\u00eats pour le d\u00e9fil\u00e9! \u00a0\u00a0 \u00a0\u00a0 \u00a0\u00a0 \u00a0\u00a0 \u00a0\u00a0 \u00a0\u00a0 \u00a0\u00a0<\/p>\n","protected":false},"author":8,"featured_media":0,"comment_status":"closed","ping_status":"closed","sticky":false,"template":"","format":"standard","meta":{"ngg_post_thumbnail":0,"footnotes":""},"categories":[11],"tags":[],"_links":{"self":[{"href":"https:\/\/corcouesurlogne-ecole.fr\/index.php?rest_route=\/wp\/v2\/posts\/9090"}],"collection":[{"href":"https:\/\/corcouesurlogne-ecole.fr\/index.php?rest_route=\/wp\/v2\/posts"}],"about":[{"href":"https:\/\/corcouesurlogne-ecole.fr\/index.php?rest_route=\/wp\/v2\/types\/post"}],"author":[{"embeddable":true,"href":"https:\/\/corcouesurlogne-ecole.fr\/index.php?rest_route=\/wp\/v2\/users\/8"}],"replies":[{"embeddable":true,"href":"https:\/\/corcouesurlogne-ecole.fr\/index.php?rest_route=%2Fwp%2Fv2%2Fcomments&post=9090"}],"version-history":[{"count":1,"href":"https:\/\/corcouesurlogne-ecole.fr\/index.php?rest_route=\/wp\/v2\/posts\/9090\/revisions"}],"predecessor-version":[{"id":9099,"href":"https:\/\/corcouesurlogne-ecole.fr\/index.php?rest_route=\/wp\/v2\/posts\/9090\/revisions\/9099"}],"wp:attachment":[{"href":"https:\/\/corcouesurlogne-ecole.fr\/index.php?rest_route=%2Fwp%2Fv2%2Fmedia&parent=9090"}],"wp:term":[{"taxonomy":"category","embeddable":true,"href":"https:\/\/corcouesurlogne-ecole.fr\/index.php?rest_route=%2Fwp%2Fv2%2Fcategories&post=9090"},{"taxonomy":"post_tag","embeddable":true,"href":"https:\/\/corcouesurlogne-ecole.fr\/index.php?rest_route=%2Fwp%2Fv2%2Ftags&post=9090"}],"curies":[{"name":"wp","href":"https:\/\/api.w.org\/{rel}","templated":true}]}}