{"id":856,"date":"2016-10-06T15:01:49","date_gmt":"2016-10-06T14:01:49","guid":{"rendered":"https:\/\/corcouesurlogne-ecole.fr\/?p=856"},"modified":"2017-09-03T10:01:29","modified_gmt":"2017-09-03T09:01:29","slug":"traits-verticaux-et-horizontaux","status":"publish","type":"post","link":"https:\/\/corcouesurlogne-ecole.fr\/?p=856","title":{"rendered":"Traits verticaux et horizontaux"},"content":{"rendered":"<p>Afin de nous pr\u00e9parer \u00e0 l&rsquo;\u00e9criture, nous r\u00e9alisons en ce d\u00e9but d&rsquo;ann\u00e9e du graphisme. Chaque semaine, nous pr\u00e9parons un support et le vendredi , nous r\u00e9alisons du graphisme sur celui-ci.<\/p>\n<p>Nous collons des bandes en respectant un mod\u00e8le bien d\u00e9fini puis nous tra\u00e7ons des traits verticaux , des trait horizontaux, puis nous alternons les deux dans un espace de plus en plus restreint. Attention, il ne faut pas se tromper!<\/p>\n<p><a href=\"https:\/\/corcouesurlogne-ecole.fr\/wp-content\/uploads\/2016\/10\/SAM_3147.jpg\"><img loading=\"lazy\" decoding=\"async\" class=\"alignright size-medium wp-image-858\" src=\"https:\/\/corcouesurlogne-ecole.fr\/wp-content\/uploads\/2016\/10\/SAM_3147-300x225.jpg\" alt=\"sam_3147\" width=\"300\" height=\"225\" srcset=\"https:\/\/corcouesurlogne-ecole.fr\/wp-content\/uploads\/2016\/10\/SAM_3147-300x225.jpg 300w, https:\/\/corcouesurlogne-ecole.fr\/wp-content\/uploads\/2016\/10\/SAM_3147-768x576.jpg 768w, https:\/\/corcouesurlogne-ecole.fr\/wp-content\/uploads\/2016\/10\/SAM_3147-1024x768.jpg 1024w, https:\/\/corcouesurlogne-ecole.fr\/wp-content\/uploads\/2016\/10\/SAM_3147.jpg 2048w\" sizes=\"(max-width: 300px) 100vw, 300px\" \/><\/a> <a href=\"https:\/\/corcouesurlogne-ecole.fr\/wp-content\/uploads\/2016\/10\/SAM_3148.jpg\"><img loading=\"lazy\" decoding=\"async\" class=\"alignright size-medium wp-image-859\" src=\"https:\/\/corcouesurlogne-ecole.fr\/wp-content\/uploads\/2016\/10\/SAM_3148-300x225.jpg\" alt=\"sam_3148\" width=\"300\" height=\"225\" srcset=\"https:\/\/corcouesurlogne-ecole.fr\/wp-content\/uploads\/2016\/10\/SAM_3148-300x225.jpg 300w, https:\/\/corcouesurlogne-ecole.fr\/wp-content\/uploads\/2016\/10\/SAM_3148-768x576.jpg 768w, https:\/\/corcouesurlogne-ecole.fr\/wp-content\/uploads\/2016\/10\/SAM_3148-1024x768.jpg 1024w, https:\/\/corcouesurlogne-ecole.fr\/wp-content\/uploads\/2016\/10\/SAM_3148.jpg 2048w\" sizes=\"(max-width: 300px) 100vw, 300px\" \/><\/a> <a href=\"https:\/\/corcouesurlogne-ecole.fr\/wp-content\/uploads\/2016\/10\/SAM_3146.jpg\"><img loading=\"lazy\" decoding=\"async\" class=\"alignright size-medium wp-image-857\" src=\"https:\/\/corcouesurlogne-ecole.fr\/wp-content\/uploads\/2016\/10\/SAM_3146-300x225.jpg\" alt=\"sam_3146\" width=\"300\" height=\"225\" srcset=\"https:\/\/corcouesurlogne-ecole.fr\/wp-content\/uploads\/2016\/10\/SAM_3146-300x225.jpg 300w, https:\/\/corcouesurlogne-ecole.fr\/wp-content\/uploads\/2016\/10\/SAM_3146-768x576.jpg 768w, https:\/\/corcouesurlogne-ecole.fr\/wp-content\/uploads\/2016\/10\/SAM_3146-1024x768.jpg 1024w, https:\/\/corcouesurlogne-ecole.fr\/wp-content\/uploads\/2016\/10\/SAM_3146.jpg 2048w\" sizes=\"(max-width: 300px) 100vw, 300px\" \/><\/a><\/p>\n","protected":false},"excerpt":{"rendered":"<p>Afin de nous pr\u00e9parer \u00e0 l&rsquo;\u00e9criture, nous r\u00e9alisons en ce d\u00e9but d&rsquo;ann\u00e9e du graphisme. Chaque semaine, nous pr\u00e9parons un support et le vendredi , nous r\u00e9alisons du graphisme sur celui-ci. Nous collons des bandes en respectant un mod\u00e8le bien d\u00e9fini puis nous tra\u00e7ons des traits verticaux , des trait horizontaux, puis nous alternons les deux<\/p>\n<p><a href=\"https:\/\/corcouesurlogne-ecole.fr\/?p=856\" class=\"more-link themebutton\">Lire la suite<\/a><\/p>\n","protected":false},"author":1,"featured_media":0,"comment_status":"closed","ping_status":"closed","sticky":false,"template":"","format":"standard","meta":{"ngg_post_thumbnail":0,"footnotes":""},"categories":[1],"tags":[],"_links":{"self":[{"href":"https:\/\/corcouesurlogne-ecole.fr\/index.php?rest_route=\/wp\/v2\/posts\/856"}],"collection":[{"href":"https:\/\/corcouesurlogne-ecole.fr\/index.php?rest_route=\/wp\/v2\/posts"}],"about":[{"href":"https:\/\/corcouesurlogne-ecole.fr\/index.php?rest_route=\/wp\/v2\/types\/post"}],"author":[{"embeddable":true,"href":"https:\/\/corcouesurlogne-ecole.fr\/index.php?rest_route=\/wp\/v2\/users\/1"}],"replies":[{"embeddable":true,"href":"https:\/\/corcouesurlogne-ecole.fr\/index.php?rest_route=%2Fwp%2Fv2%2Fcomments&post=856"}],"version-history":[{"count":1,"href":"https:\/\/corcouesurlogne-ecole.fr\/index.php?rest_route=\/wp\/v2\/posts\/856\/revisions"}],"predecessor-version":[{"id":866,"href":"https:\/\/corcouesurlogne-ecole.fr\/index.php?rest_route=\/wp\/v2\/posts\/856\/revisions\/866"}],"wp:attachment":[{"href":"https:\/\/corcouesurlogne-ecole.fr\/index.php?rest_route=%2Fwp%2Fv2%2Fmedia&parent=856"}],"wp:term":[{"taxonomy":"category","embeddable":true,"href":"https:\/\/corcouesurlogne-ecole.fr\/index.php?rest_route=%2Fwp%2Fv2%2Fcategories&post=856"},{"taxonomy":"post_tag","embeddable":true,"href":"https:\/\/corcouesurlogne-ecole.fr\/index.php?rest_route=%2Fwp%2Fv2%2Ftags&post=856"}],"curies":[{"name":"wp","href":"https:\/\/api.w.org\/{rel}","templated":true}]}}