{"id":8360,"date":"2021-07-01T12:15:57","date_gmt":"2021-07-01T11:15:57","guid":{"rendered":"https:\/\/corcouesurlogne-ecole.fr\/?p=8360"},"modified":"2021-07-01T12:15:57","modified_gmt":"2021-07-01T11:15:57","slug":"emission-radio-des-cm1-cm2","status":"publish","type":"post","link":"https:\/\/corcouesurlogne-ecole.fr\/?p=8360","title":{"rendered":"Emission radio des cm1-cm2"},"content":{"rendered":"<!--[if lt IE 9]><script>document.createElement('audio');<\/script><![endif]-->\n<audio class=\"wp-audio-shortcode\" id=\"audio-8360-1\" preload=\"none\" style=\"width: 100%;\" controls=\"controls\"><source type=\"audio\/mpeg\" src=\"https:\/\/corcouesurlogne-ecole.fr\/wp-content\/uploads\/2021\/07\/Regardscroisessurnosdifferences-ecole-Saint-Yves-CM1-CM2.mp3?_=1\" \/><a href=\"https:\/\/corcouesurlogne-ecole.fr\/wp-content\/uploads\/2021\/07\/Regardscroisessurnosdifferences-ecole-Saint-Yves-CM1-CM2.mp3\">https:\/\/corcouesurlogne-ecole.fr\/wp-content\/uploads\/2021\/07\/Regardscroisessurnosdifferences-ecole-Saint-Yves-CM1-CM2.mp3<\/a><\/audio>\n<p>Notre \u00e9mission radio est pr\u00eate. Vous y d\u00e9couvrirez nos \u00e9changes sur le th\u00e8me de l&rsquo;acceptation des diff\u00e9rences.<\/p>\n<p>Nous sommes heureux d&rsquo;avoir particip\u00e9 \u00e0 ce projet qui a \u00e9t\u00e9 riche en \u00e9changes et en r\u00e9flexion.<\/p>\n<p>Bonne \u00e9mission!<\/p>\n","protected":false},"excerpt":{"rendered":"<p>Notre \u00e9mission radio est pr\u00eate. Vous y d\u00e9couvrirez nos \u00e9changes sur le th\u00e8me de l&rsquo;acceptation des diff\u00e9rences. Nous sommes heureux d&rsquo;avoir particip\u00e9 \u00e0 ce projet qui a \u00e9t\u00e9 riche en \u00e9changes et en r\u00e9flexion. Bonne \u00e9mission!<\/p>\n","protected":false},"author":8,"featured_media":0,"comment_status":"closed","ping_status":"closed","sticky":false,"template":"","format":"standard","meta":{"ngg_post_thumbnail":0,"footnotes":""},"categories":[11],"tags":[],"_links":{"self":[{"href":"https:\/\/corcouesurlogne-ecole.fr\/index.php?rest_route=\/wp\/v2\/posts\/8360"}],"collection":[{"href":"https:\/\/corcouesurlogne-ecole.fr\/index.php?rest_route=\/wp\/v2\/posts"}],"about":[{"href":"https:\/\/corcouesurlogne-ecole.fr\/index.php?rest_route=\/wp\/v2\/types\/post"}],"author":[{"embeddable":true,"href":"https:\/\/corcouesurlogne-ecole.fr\/index.php?rest_route=\/wp\/v2\/users\/8"}],"replies":[{"embeddable":true,"href":"https:\/\/corcouesurlogne-ecole.fr\/index.php?rest_route=%2Fwp%2Fv2%2Fcomments&post=8360"}],"version-history":[{"count":1,"href":"https:\/\/corcouesurlogne-ecole.fr\/index.php?rest_route=\/wp\/v2\/posts\/8360\/revisions"}],"predecessor-version":[{"id":8362,"href":"https:\/\/corcouesurlogne-ecole.fr\/index.php?rest_route=\/wp\/v2\/posts\/8360\/revisions\/8362"}],"wp:attachment":[{"href":"https:\/\/corcouesurlogne-ecole.fr\/index.php?rest_route=%2Fwp%2Fv2%2Fmedia&parent=8360"}],"wp:term":[{"taxonomy":"category","embeddable":true,"href":"https:\/\/corcouesurlogne-ecole.fr\/index.php?rest_route=%2Fwp%2Fv2%2Fcategories&post=8360"},{"taxonomy":"post_tag","embeddable":true,"href":"https:\/\/corcouesurlogne-ecole.fr\/index.php?rest_route=%2Fwp%2Fv2%2Ftags&post=8360"}],"curies":[{"name":"wp","href":"https:\/\/api.w.org\/{rel}","templated":true}]}}