{"id":8334,"date":"2021-06-28T13:02:45","date_gmt":"2021-06-28T12:02:45","guid":{"rendered":"https:\/\/corcouesurlogne-ecole.fr\/?p=8334"},"modified":"2021-06-28T13:02:45","modified_gmt":"2021-06-28T12:02:45","slug":"sortie-pour-une-decouverte-du-patrimoine-local-la-vigne","status":"publish","type":"post","link":"https:\/\/corcouesurlogne-ecole.fr\/?p=8334","title":{"rendered":"Sortie pour une d\u00e9couverte du patrimoine local : la vigne"},"content":{"rendered":"<p>Jeudi 24 juin, nous voil\u00e0 de nouveau en sortie scolaire, dans le cadre d&rsquo;une journ\u00e9e \u00e0 destination de tous les CE2 des \u00e9coles des alentours, \u00e0 la d\u00e9couverte d&rsquo;un \u00e9l\u00e9ment du patrimoine local. Cette ann\u00e9e, ce sont les vignes de Corcou\u00e9 qui sont \u00e0 l&rsquo;honneur !<\/p>\n<p>Nous avons r\u00e9alis\u00e9 4 ateliers lors de cette journ\u00e9e ensoleill\u00e9e :<\/p>\n<ul>\n<li>une d\u00e9couverte des sens avec des jeux sur le go\u00fbt, l&rsquo;odorat, la vue et l&rsquo;ou\u00efe, avec nos 2 enseignantes.<\/li>\n<li>une petite marche pour d\u00e9couvrir les \u00e9l\u00e9ments naturels qui nous entoure : la prairie, la haie et la vigne. Nous avons m\u00eame pu attraper des insectes et notamment des papillons avec des filets, avec H\u00e9l\u00e8ne, animatrice au CPIE.<\/li>\n<\/ul>\n<p><a href=\"https:\/\/corcouesurlogne-ecole.fr\/wp-content\/uploads\/2021\/06\/IMG_20210624_150157.jpg\"><img loading=\"lazy\" decoding=\"async\" class=\"aligncenter size-medium wp-image-8352\" src=\"https:\/\/corcouesurlogne-ecole.fr\/wp-content\/uploads\/2021\/06\/IMG_20210624_150157-300x225.jpg\" alt=\"\" width=\"300\" height=\"225\" srcset=\"https:\/\/corcouesurlogne-ecole.fr\/wp-content\/uploads\/2021\/06\/IMG_20210624_150157-300x225.jpg 300w, https:\/\/corcouesurlogne-ecole.fr\/wp-content\/uploads\/2021\/06\/IMG_20210624_150157-1024x768.jpg 1024w, https:\/\/corcouesurlogne-ecole.fr\/wp-content\/uploads\/2021\/06\/IMG_20210624_150157-768x576.jpg 768w, https:\/\/corcouesurlogne-ecole.fr\/wp-content\/uploads\/2021\/06\/IMG_20210624_150157.jpg 1200w\" sizes=\"(max-width: 300px) 100vw, 300px\" \/><\/a> <a href=\"https:\/\/corcouesurlogne-ecole.fr\/wp-content\/uploads\/2021\/06\/IMG_20210624_145702.jpg\"><img loading=\"lazy\" decoding=\"async\" class=\"aligncenter size-medium wp-image-8351\" src=\"https:\/\/corcouesurlogne-ecole.fr\/wp-content\/uploads\/2021\/06\/IMG_20210624_145702-300x225.jpg\" alt=\"\" width=\"300\" height=\"225\" srcset=\"https:\/\/corcouesurlogne-ecole.fr\/wp-content\/uploads\/2021\/06\/IMG_20210624_145702-300x225.jpg 300w, https:\/\/corcouesurlogne-ecole.fr\/wp-content\/uploads\/2021\/06\/IMG_20210624_145702-1024x768.jpg 1024w, https:\/\/corcouesurlogne-ecole.fr\/wp-content\/uploads\/2021\/06\/IMG_20210624_145702-768x576.jpg 768w, https:\/\/corcouesurlogne-ecole.fr\/wp-content\/uploads\/2021\/06\/IMG_20210624_145702.jpg 1200w\" sizes=\"(max-width: 300px) 100vw, 300px\" \/><\/a> <a href=\"https:\/\/corcouesurlogne-ecole.fr\/wp-content\/uploads\/2021\/06\/IMG_20210624_142216.jpg\"><img loading=\"lazy\" decoding=\"async\" class=\"aligncenter size-medium wp-image-8350\" src=\"https:\/\/corcouesurlogne-ecole.fr\/wp-content\/uploads\/2021\/06\/IMG_20210624_142216-300x225.jpg\" alt=\"\" width=\"300\" height=\"225\" srcset=\"https:\/\/corcouesurlogne-ecole.fr\/wp-content\/uploads\/2021\/06\/IMG_20210624_142216-300x225.jpg 300w, https:\/\/corcouesurlogne-ecole.fr\/wp-content\/uploads\/2021\/06\/IMG_20210624_142216-1024x768.jpg 1024w, https:\/\/corcouesurlogne-ecole.fr\/wp-content\/uploads\/2021\/06\/IMG_20210624_142216-768x576.jpg 768w, https:\/\/corcouesurlogne-ecole.fr\/wp-content\/uploads\/2021\/06\/IMG_20210624_142216.jpg 1200w\" sizes=\"(max-width: 300px) 100vw, 300px\" \/><\/a><\/p>\n<ul>\n<li>un atelier historique et technique pour comprendre le cycle de la vigne et l&rsquo;histoire de sa culture, avec Fran\u00e7ois, m\u00e9diateur culturel. Nous avons aussi d\u00e9couvert des outils d&rsquo;autrefois, avec Jean-Yves, le vigneron \u00e0 la retraite qui nous accueillait chez lui.<\/li>\n<\/ul>\n<p><a href=\"https:\/\/corcouesurlogne-ecole.fr\/wp-content\/uploads\/2021\/06\/IMG_20210624_131215.jpg\"><img loading=\"lazy\" decoding=\"async\" class=\"aligncenter size-medium wp-image-8342\" src=\"https:\/\/corcouesurlogne-ecole.fr\/wp-content\/uploads\/2021\/06\/IMG_20210624_131215-300x225.jpg\" alt=\"\" width=\"300\" height=\"225\" srcset=\"https:\/\/corcouesurlogne-ecole.fr\/wp-content\/uploads\/2021\/06\/IMG_20210624_131215-300x225.jpg 300w, https:\/\/corcouesurlogne-ecole.fr\/wp-content\/uploads\/2021\/06\/IMG_20210624_131215-1024x768.jpg 1024w, https:\/\/corcouesurlogne-ecole.fr\/wp-content\/uploads\/2021\/06\/IMG_20210624_131215-768x576.jpg 768w, https:\/\/corcouesurlogne-ecole.fr\/wp-content\/uploads\/2021\/06\/IMG_20210624_131215.jpg 1200w\" sizes=\"(max-width: 300px) 100vw, 300px\" \/><\/a><\/p>\n<p><a href=\"https:\/\/corcouesurlogne-ecole.fr\/wp-content\/uploads\/2021\/06\/IMG_20210624_131606.jpg\"><img loading=\"lazy\" decoding=\"async\" class=\"aligncenter size-medium wp-image-8343\" src=\"https:\/\/corcouesurlogne-ecole.fr\/wp-content\/uploads\/2021\/06\/IMG_20210624_131606-300x225.jpg\" alt=\"\" width=\"300\" height=\"225\" srcset=\"https:\/\/corcouesurlogne-ecole.fr\/wp-content\/uploads\/2021\/06\/IMG_20210624_131606-300x225.jpg 300w, https:\/\/corcouesurlogne-ecole.fr\/wp-content\/uploads\/2021\/06\/IMG_20210624_131606-1024x768.jpg 1024w, https:\/\/corcouesurlogne-ecole.fr\/wp-content\/uploads\/2021\/06\/IMG_20210624_131606-768x576.jpg 768w, https:\/\/corcouesurlogne-ecole.fr\/wp-content\/uploads\/2021\/06\/IMG_20210624_131606.jpg 1200w\" sizes=\"(max-width: 300px) 100vw, 300px\" \/><\/a><\/p>\n<p><a href=\"https:\/\/corcouesurlogne-ecole.fr\/wp-content\/uploads\/2021\/06\/IMG_20210624_131844.jpg\"><img loading=\"lazy\" decoding=\"async\" class=\"aligncenter size-medium wp-image-8344\" src=\"https:\/\/corcouesurlogne-ecole.fr\/wp-content\/uploads\/2021\/06\/IMG_20210624_131844-300x225.jpg\" alt=\"\" width=\"300\" height=\"225\" srcset=\"https:\/\/corcouesurlogne-ecole.fr\/wp-content\/uploads\/2021\/06\/IMG_20210624_131844-300x225.jpg 300w, https:\/\/corcouesurlogne-ecole.fr\/wp-content\/uploads\/2021\/06\/IMG_20210624_131844-1024x768.jpg 1024w, https:\/\/corcouesurlogne-ecole.fr\/wp-content\/uploads\/2021\/06\/IMG_20210624_131844-768x576.jpg 768w, https:\/\/corcouesurlogne-ecole.fr\/wp-content\/uploads\/2021\/06\/IMG_20210624_131844.jpg 1200w\" sizes=\"(max-width: 300px) 100vw, 300px\" \/><\/a><\/p>\n<p><a href=\"https:\/\/corcouesurlogne-ecole.fr\/wp-content\/uploads\/2021\/06\/IMG_20210624_131940.jpg\"><img loading=\"lazy\" decoding=\"async\" class=\"aligncenter size-medium wp-image-8345\" src=\"https:\/\/corcouesurlogne-ecole.fr\/wp-content\/uploads\/2021\/06\/IMG_20210624_131940-300x225.jpg\" alt=\"\" width=\"300\" height=\"225\" srcset=\"https:\/\/corcouesurlogne-ecole.fr\/wp-content\/uploads\/2021\/06\/IMG_20210624_131940-300x225.jpg 300w, https:\/\/corcouesurlogne-ecole.fr\/wp-content\/uploads\/2021\/06\/IMG_20210624_131940-1024x768.jpg 1024w, https:\/\/corcouesurlogne-ecole.fr\/wp-content\/uploads\/2021\/06\/IMG_20210624_131940-768x576.jpg 768w, https:\/\/corcouesurlogne-ecole.fr\/wp-content\/uploads\/2021\/06\/IMG_20210624_131940.jpg 1200w\" sizes=\"(max-width: 300px) 100vw, 300px\" \/><\/a><\/p>\n<p><a href=\"https:\/\/corcouesurlogne-ecole.fr\/wp-content\/uploads\/2021\/06\/IMG_20210624_132102.jpg\"><img loading=\"lazy\" decoding=\"async\" class=\"aligncenter size-medium wp-image-8346\" src=\"https:\/\/corcouesurlogne-ecole.fr\/wp-content\/uploads\/2021\/06\/IMG_20210624_132102-300x225.jpg\" alt=\"\" width=\"300\" height=\"225\" srcset=\"https:\/\/corcouesurlogne-ecole.fr\/wp-content\/uploads\/2021\/06\/IMG_20210624_132102-300x225.jpg 300w, https:\/\/corcouesurlogne-ecole.fr\/wp-content\/uploads\/2021\/06\/IMG_20210624_132102-1024x768.jpg 1024w, https:\/\/corcouesurlogne-ecole.fr\/wp-content\/uploads\/2021\/06\/IMG_20210624_132102-768x576.jpg 768w, https:\/\/corcouesurlogne-ecole.fr\/wp-content\/uploads\/2021\/06\/IMG_20210624_132102.jpg 1200w\" sizes=\"(max-width: 300px) 100vw, 300px\" \/><\/a><\/p>\n<ul>\n<li>un atelier artistique avec La\u00ebtitia, illustratrice, qui nous a fait d\u00e9couvrir et exp\u00e9rimenter la technique du dessin \u00e0 l&rsquo;encre de Chine. Voici nos \u0153uvres d&rsquo;art collectives !<\/li>\n<\/ul>\n<p><a href=\"https:\/\/corcouesurlogne-ecole.fr\/wp-content\/uploads\/2021\/06\/IMG_20210624_130954.jpg\"><img loading=\"lazy\" decoding=\"async\" class=\"aligncenter size-medium wp-image-8341\" src=\"https:\/\/corcouesurlogne-ecole.fr\/wp-content\/uploads\/2021\/06\/IMG_20210624_130954-300x225.jpg\" alt=\"\" width=\"300\" height=\"225\" srcset=\"https:\/\/corcouesurlogne-ecole.fr\/wp-content\/uploads\/2021\/06\/IMG_20210624_130954-300x225.jpg 300w, https:\/\/corcouesurlogne-ecole.fr\/wp-content\/uploads\/2021\/06\/IMG_20210624_130954-1024x768.jpg 1024w, https:\/\/corcouesurlogne-ecole.fr\/wp-content\/uploads\/2021\/06\/IMG_20210624_130954-768x576.jpg 768w, https:\/\/corcouesurlogne-ecole.fr\/wp-content\/uploads\/2021\/06\/IMG_20210624_130954.jpg 1200w\" sizes=\"(max-width: 300px) 100vw, 300px\" \/><\/a><\/p>\n<p><a href=\"https:\/\/corcouesurlogne-ecole.fr\/wp-content\/uploads\/2021\/06\/IMG_20210624_134908.jpg\"><img loading=\"lazy\" decoding=\"async\" class=\"aligncenter size-medium wp-image-8347\" src=\"https:\/\/corcouesurlogne-ecole.fr\/wp-content\/uploads\/2021\/06\/IMG_20210624_134908-225x300.jpg\" alt=\"\" width=\"225\" height=\"300\" srcset=\"https:\/\/corcouesurlogne-ecole.fr\/wp-content\/uploads\/2021\/06\/IMG_20210624_134908-225x300.jpg 225w, https:\/\/corcouesurlogne-ecole.fr\/wp-content\/uploads\/2021\/06\/IMG_20210624_134908-768x1024.jpg 768w, https:\/\/corcouesurlogne-ecole.fr\/wp-content\/uploads\/2021\/06\/IMG_20210624_134908.jpg 900w\" sizes=\"(max-width: 225px) 100vw, 225px\" \/><\/a> <a href=\"https:\/\/corcouesurlogne-ecole.fr\/wp-content\/uploads\/2021\/06\/IMG_20210624_135119.jpg\"><img loading=\"lazy\" decoding=\"async\" class=\"aligncenter size-medium wp-image-8349\" src=\"https:\/\/corcouesurlogne-ecole.fr\/wp-content\/uploads\/2021\/06\/IMG_20210624_135119-300x225.jpg\" alt=\"\" width=\"300\" height=\"225\" srcset=\"https:\/\/corcouesurlogne-ecole.fr\/wp-content\/uploads\/2021\/06\/IMG_20210624_135119-300x225.jpg 300w, https:\/\/corcouesurlogne-ecole.fr\/wp-content\/uploads\/2021\/06\/IMG_20210624_135119-1024x768.jpg 1024w, https:\/\/corcouesurlogne-ecole.fr\/wp-content\/uploads\/2021\/06\/IMG_20210624_135119-768x576.jpg 768w, https:\/\/corcouesurlogne-ecole.fr\/wp-content\/uploads\/2021\/06\/IMG_20210624_135119.jpg 1200w\" sizes=\"(max-width: 300px) 100vw, 300px\" \/><\/a><a href=\"https:\/\/corcouesurlogne-ecole.fr\/wp-content\/uploads\/2021\/06\/IMG_20210624_135026.jpg\"><img loading=\"lazy\" decoding=\"async\" class=\"aligncenter size-medium wp-image-8348\" src=\"https:\/\/corcouesurlogne-ecole.fr\/wp-content\/uploads\/2021\/06\/IMG_20210624_135026-225x300.jpg\" alt=\"\" width=\"225\" height=\"300\" srcset=\"https:\/\/corcouesurlogne-ecole.fr\/wp-content\/uploads\/2021\/06\/IMG_20210624_135026-225x300.jpg 225w, https:\/\/corcouesurlogne-ecole.fr\/wp-content\/uploads\/2021\/06\/IMG_20210624_135026-768x1024.jpg 768w, https:\/\/corcouesurlogne-ecole.fr\/wp-content\/uploads\/2021\/06\/IMG_20210624_135026.jpg 900w\" sizes=\"(max-width: 225px) 100vw, 225px\" \/><\/a><a href=\"https:\/\/corcouesurlogne-ecole.fr\/wp-content\/uploads\/2021\/06\/IMG_20210625_082122.jpg\"><img loading=\"lazy\" decoding=\"async\" class=\"aligncenter size-medium wp-image-8356\" src=\"https:\/\/corcouesurlogne-ecole.fr\/wp-content\/uploads\/2021\/06\/IMG_20210625_082122-179x300.jpg\" alt=\"\" width=\"179\" height=\"300\" srcset=\"https:\/\/corcouesurlogne-ecole.fr\/wp-content\/uploads\/2021\/06\/IMG_20210625_082122-179x300.jpg 179w, https:\/\/corcouesurlogne-ecole.fr\/wp-content\/uploads\/2021\/06\/IMG_20210625_082122-611x1024.jpg 611w, https:\/\/corcouesurlogne-ecole.fr\/wp-content\/uploads\/2021\/06\/IMG_20210625_082122.jpg 716w\" sizes=\"(max-width: 179px) 100vw, 179px\" \/><\/a><a href=\"https:\/\/corcouesurlogne-ecole.fr\/wp-content\/uploads\/2021\/06\/IMG_20210625_082102.jpg\"><img loading=\"lazy\" decoding=\"async\" class=\"aligncenter size-medium wp-image-8355\" src=\"https:\/\/corcouesurlogne-ecole.fr\/wp-content\/uploads\/2021\/06\/IMG_20210625_082102-170x300.jpg\" alt=\"\" width=\"170\" height=\"300\" srcset=\"https:\/\/corcouesurlogne-ecole.fr\/wp-content\/uploads\/2021\/06\/IMG_20210625_082102-170x300.jpg 170w, https:\/\/corcouesurlogne-ecole.fr\/wp-content\/uploads\/2021\/06\/IMG_20210625_082102-579x1024.jpg 579w, https:\/\/corcouesurlogne-ecole.fr\/wp-content\/uploads\/2021\/06\/IMG_20210625_082102.jpg 679w\" sizes=\"(max-width: 170px) 100vw, 170px\" \/><\/a><a href=\"https:\/\/corcouesurlogne-ecole.fr\/wp-content\/uploads\/2021\/06\/IMG_20210625_082038.jpg\"><img loading=\"lazy\" decoding=\"async\" class=\"aligncenter size-medium wp-image-8354\" src=\"https:\/\/corcouesurlogne-ecole.fr\/wp-content\/uploads\/2021\/06\/IMG_20210625_082038-173x300.jpg\" alt=\"\" width=\"173\" height=\"300\" srcset=\"https:\/\/corcouesurlogne-ecole.fr\/wp-content\/uploads\/2021\/06\/IMG_20210625_082038-173x300.jpg 173w, https:\/\/corcouesurlogne-ecole.fr\/wp-content\/uploads\/2021\/06\/IMG_20210625_082038-591x1024.jpg 591w, https:\/\/corcouesurlogne-ecole.fr\/wp-content\/uploads\/2021\/06\/IMG_20210625_082038.jpg 693w\" sizes=\"(max-width: 173px) 100vw, 173px\" \/><\/a><a href=\"https:\/\/corcouesurlogne-ecole.fr\/wp-content\/uploads\/2021\/06\/IMG_20210625_082033.jpg\"><img loading=\"lazy\" decoding=\"async\" class=\"aligncenter size-medium wp-image-8353\" src=\"https:\/\/corcouesurlogne-ecole.fr\/wp-content\/uploads\/2021\/06\/IMG_20210625_082033-161x300.jpg\" alt=\"\" width=\"161\" height=\"300\" srcset=\"https:\/\/corcouesurlogne-ecole.fr\/wp-content\/uploads\/2021\/06\/IMG_20210625_082033-161x300.jpg 161w, https:\/\/corcouesurlogne-ecole.fr\/wp-content\/uploads\/2021\/06\/IMG_20210625_082033-549x1024.jpg 549w, https:\/\/corcouesurlogne-ecole.fr\/wp-content\/uploads\/2021\/06\/IMG_20210625_082033.jpg 643w\" sizes=\"(max-width: 161px) 100vw, 161px\" \/><\/a><\/p>\n<p>Sans oublier bien s\u00fbr la pause pique-nique :<\/p>\n<p><a href=\"https:\/\/corcouesurlogne-ecole.fr\/wp-content\/uploads\/2021\/06\/IMG_20210624_121725.jpg\"><img loading=\"lazy\" decoding=\"async\" class=\"aligncenter size-medium wp-image-8340\" src=\"https:\/\/corcouesurlogne-ecole.fr\/wp-content\/uploads\/2021\/06\/IMG_20210624_121725-300x225.jpg\" alt=\"\" width=\"300\" height=\"225\" srcset=\"https:\/\/corcouesurlogne-ecole.fr\/wp-content\/uploads\/2021\/06\/IMG_20210624_121725-300x225.jpg 300w, https:\/\/corcouesurlogne-ecole.fr\/wp-content\/uploads\/2021\/06\/IMG_20210624_121725-1024x768.jpg 1024w, https:\/\/corcouesurlogne-ecole.fr\/wp-content\/uploads\/2021\/06\/IMG_20210624_121725-768x576.jpg 768w, https:\/\/corcouesurlogne-ecole.fr\/wp-content\/uploads\/2021\/06\/IMG_20210624_121725.jpg 1200w\" sizes=\"(max-width: 300px) 100vw, 300px\" \/><\/a><\/p>\n<p><a href=\"https:\/\/corcouesurlogne-ecole.fr\/wp-content\/uploads\/2021\/06\/IMG_20210624_121719.jpg\"><img loading=\"lazy\" decoding=\"async\" class=\"aligncenter size-medium wp-image-8339\" src=\"https:\/\/corcouesurlogne-ecole.fr\/wp-content\/uploads\/2021\/06\/IMG_20210624_121719-300x225.jpg\" alt=\"\" width=\"300\" height=\"225\" srcset=\"https:\/\/corcouesurlogne-ecole.fr\/wp-content\/uploads\/2021\/06\/IMG_20210624_121719-300x225.jpg 300w, https:\/\/corcouesurlogne-ecole.fr\/wp-content\/uploads\/2021\/06\/IMG_20210624_121719-1024x768.jpg 1024w, https:\/\/corcouesurlogne-ecole.fr\/wp-content\/uploads\/2021\/06\/IMG_20210624_121719-768x576.jpg 768w, https:\/\/corcouesurlogne-ecole.fr\/wp-content\/uploads\/2021\/06\/IMG_20210624_121719.jpg 1200w\" sizes=\"(max-width: 300px) 100vw, 300px\" \/><\/a><\/p>\n<p>Nous avons bien appr\u00e9ci\u00e9 cette journ\u00e9e remplie de d\u00e9couvertes locales !<\/p>\n","protected":false},"excerpt":{"rendered":"<p>Jeudi 24 juin, nous voil\u00e0 de nouveau en sortie scolaire, dans le cadre d&rsquo;une journ\u00e9e \u00e0 destination de tous les CE2 des \u00e9coles des alentours, \u00e0 la d\u00e9couverte d&rsquo;un \u00e9l\u00e9ment du patrimoine local. Cette ann\u00e9e, ce sont les vignes de Corcou\u00e9 qui sont \u00e0 l&rsquo;honneur ! Nous avons r\u00e9alis\u00e9 4 ateliers lors de cette journ\u00e9e<\/p>\n<p><a href=\"https:\/\/corcouesurlogne-ecole.fr\/?p=8334\" class=\"more-link themebutton\">Lire la suite<\/a><\/p>\n","protected":false},"author":6,"featured_media":0,"comment_status":"closed","ping_status":"closed","sticky":false,"template":"","format":"standard","meta":{"ngg_post_thumbnail":0,"footnotes":""},"categories":[24,10],"tags":[],"_links":{"self":[{"href":"https:\/\/corcouesurlogne-ecole.fr\/index.php?rest_route=\/wp\/v2\/posts\/8334"}],"collection":[{"href":"https:\/\/corcouesurlogne-ecole.fr\/index.php?rest_route=\/wp\/v2\/posts"}],"about":[{"href":"https:\/\/corcouesurlogne-ecole.fr\/index.php?rest_route=\/wp\/v2\/types\/post"}],"author":[{"embeddable":true,"href":"https:\/\/corcouesurlogne-ecole.fr\/index.php?rest_route=\/wp\/v2\/users\/6"}],"replies":[{"embeddable":true,"href":"https:\/\/corcouesurlogne-ecole.fr\/index.php?rest_route=%2Fwp%2Fv2%2Fcomments&post=8334"}],"version-history":[{"count":2,"href":"https:\/\/corcouesurlogne-ecole.fr\/index.php?rest_route=\/wp\/v2\/posts\/8334\/revisions"}],"predecessor-version":[{"id":8358,"href":"https:\/\/corcouesurlogne-ecole.fr\/index.php?rest_route=\/wp\/v2\/posts\/8334\/revisions\/8358"}],"wp:attachment":[{"href":"https:\/\/corcouesurlogne-ecole.fr\/index.php?rest_route=%2Fwp%2Fv2%2Fmedia&parent=8334"}],"wp:term":[{"taxonomy":"category","embeddable":true,"href":"https:\/\/corcouesurlogne-ecole.fr\/index.php?rest_route=%2Fwp%2Fv2%2Fcategories&post=8334"},{"taxonomy":"post_tag","embeddable":true,"href":"https:\/\/corcouesurlogne-ecole.fr\/index.php?rest_route=%2Fwp%2Fv2%2Ftags&post=8334"}],"curies":[{"name":"wp","href":"https:\/\/api.w.org\/{rel}","templated":true}]}}