{"id":8282,"date":"2021-06-20T16:44:49","date_gmt":"2021-06-20T15:44:49","guid":{"rendered":"https:\/\/corcouesurlogne-ecole.fr\/?p=8282"},"modified":"2021-06-20T16:44:49","modified_gmt":"2021-06-20T15:44:49","slug":"attention-mesdames-et-monsieur","status":"publish","type":"post","link":"https:\/\/corcouesurlogne-ecole.fr\/?p=8282","title":{"rendered":"Attention mesdames et monsieur !"},"content":{"rendered":"<p>Hier, c&rsquo;\u00e9tait la kermesse \u00e0 l&rsquo;\u00e9cole St Yves. On \u00e9tait d\u00e9guis\u00e9s en clown et en jongleuses. C&rsquo;\u00e9tait super ! On a eu de la chance de danser avec nos copains sous le soleil.<\/p>\n<p style=\"text-align: right\"><a href=\"https:\/\/corcouesurlogne-ecole.fr\/wp-content\/uploads\/2021\/06\/kermesse-photo-3-scaled.jpg\"><img loading=\"lazy\" decoding=\"async\" class=\"size-thumbnail wp-image-8286 alignleft\" src=\"https:\/\/corcouesurlogne-ecole.fr\/wp-content\/uploads\/2021\/06\/kermesse-photo-3-150x150.jpg\" alt=\"\" width=\"150\" height=\"150\" \/><\/a><a href=\"https:\/\/corcouesurlogne-ecole.fr\/wp-content\/uploads\/2021\/06\/kermesse-4-scaled.jpg\"><img loading=\"lazy\" decoding=\"async\" class=\"aligncenter size-thumbnail wp-image-8287\" src=\"https:\/\/corcouesurlogne-ecole.fr\/wp-content\/uploads\/2021\/06\/kermesse-4-150x150.jpg\" alt=\"\" width=\"150\" height=\"150\" \/><\/a><a href=\"https:\/\/corcouesurlogne-ecole.fr\/wp-content\/uploads\/2021\/06\/kermesse-photo1.jpg\"><img loading=\"lazy\" decoding=\"async\" class=\"size-thumbnail wp-image-8283 alignleft\" src=\"https:\/\/corcouesurlogne-ecole.fr\/wp-content\/uploads\/2021\/06\/kermesse-photo1-150x150.jpg\" alt=\"\" width=\"150\" height=\"150\" \/><\/a><a href=\"https:\/\/corcouesurlogne-ecole.fr\/wp-content\/uploads\/2021\/06\/kermesse-photo2.jpg\"><img loading=\"lazy\" decoding=\"async\" class=\"aligncenter size-thumbnail wp-image-8284\" src=\"https:\/\/corcouesurlogne-ecole.fr\/wp-content\/uploads\/2021\/06\/kermesse-photo2-150x150.jpg\" alt=\"\" width=\"150\" height=\"150\" \/><\/a><\/p>\n","protected":false},"excerpt":{"rendered":"<p>Hier, c&rsquo;\u00e9tait la kermesse \u00e0 l&rsquo;\u00e9cole St Yves. On \u00e9tait d\u00e9guis\u00e9s en clown et en jongleuses. C&rsquo;\u00e9tait super ! On a eu de la chance de danser avec nos copains sous le soleil.<\/p>\n","protected":false},"author":9,"featured_media":0,"comment_status":"closed","ping_status":"closed","sticky":false,"template":"","format":"standard","meta":{"ngg_post_thumbnail":0,"footnotes":""},"categories":[9],"tags":[],"_links":{"self":[{"href":"https:\/\/corcouesurlogne-ecole.fr\/index.php?rest_route=\/wp\/v2\/posts\/8282"}],"collection":[{"href":"https:\/\/corcouesurlogne-ecole.fr\/index.php?rest_route=\/wp\/v2\/posts"}],"about":[{"href":"https:\/\/corcouesurlogne-ecole.fr\/index.php?rest_route=\/wp\/v2\/types\/post"}],"author":[{"embeddable":true,"href":"https:\/\/corcouesurlogne-ecole.fr\/index.php?rest_route=\/wp\/v2\/users\/9"}],"replies":[{"embeddable":true,"href":"https:\/\/corcouesurlogne-ecole.fr\/index.php?rest_route=%2Fwp%2Fv2%2Fcomments&post=8282"}],"version-history":[{"count":1,"href":"https:\/\/corcouesurlogne-ecole.fr\/index.php?rest_route=\/wp\/v2\/posts\/8282\/revisions"}],"predecessor-version":[{"id":8288,"href":"https:\/\/corcouesurlogne-ecole.fr\/index.php?rest_route=\/wp\/v2\/posts\/8282\/revisions\/8288"}],"wp:attachment":[{"href":"https:\/\/corcouesurlogne-ecole.fr\/index.php?rest_route=%2Fwp%2Fv2%2Fmedia&parent=8282"}],"wp:term":[{"taxonomy":"category","embeddable":true,"href":"https:\/\/corcouesurlogne-ecole.fr\/index.php?rest_route=%2Fwp%2Fv2%2Fcategories&post=8282"},{"taxonomy":"post_tag","embeddable":true,"href":"https:\/\/corcouesurlogne-ecole.fr\/index.php?rest_route=%2Fwp%2Fv2%2Ftags&post=8282"}],"curies":[{"name":"wp","href":"https:\/\/api.w.org\/{rel}","templated":true}]}}