{"id":8264,"date":"2021-06-20T10:20:51","date_gmt":"2021-06-20T09:20:51","guid":{"rendered":"https:\/\/corcouesurlogne-ecole.fr\/?p=8264"},"modified":"2021-06-20T10:20:51","modified_gmt":"2021-06-20T09:20:51","slug":"visite-et-plantation-au-jardin-partage","status":"publish","type":"post","link":"https:\/\/corcouesurlogne-ecole.fr\/?p=8264","title":{"rendered":"Visite et plantation au jardin partag\u00e9"},"content":{"rendered":"<p>Ce vendredi, nous , les GS , sommes all\u00e9s voir le jardin partag\u00e9 \u00e0 c\u00f4t\u00e9 de l&rsquo;\u00e9cole. Nous avons pu observ\u00e9 les plantations d\u00e9j\u00e0 effectu\u00e9es par d&rsquo;autres. Nous avons repiqu\u00e9 quelques plantes de moutarde que nous avons fait pousser en classe.<\/p>\n<div id=\"attachment_8266\" style=\"width: 235px\" class=\"wp-caption aligncenter\"><a href=\"https:\/\/corcouesurlogne-ecole.fr\/wp-content\/uploads\/2021\/06\/IMG_20210611_155351-Copie-scaled.jpg\"><img loading=\"lazy\" decoding=\"async\" aria-describedby=\"caption-attachment-8266\" class=\"size-medium wp-image-8266\" src=\"https:\/\/corcouesurlogne-ecole.fr\/wp-content\/uploads\/2021\/06\/IMG_20210611_155351-Copie-225x300.jpg\" alt=\"\" width=\"225\" height=\"300\" srcset=\"https:\/\/corcouesurlogne-ecole.fr\/wp-content\/uploads\/2021\/06\/IMG_20210611_155351-Copie-225x300.jpg 225w, https:\/\/corcouesurlogne-ecole.fr\/wp-content\/uploads\/2021\/06\/IMG_20210611_155351-Copie-768x1024.jpg 768w, https:\/\/corcouesurlogne-ecole.fr\/wp-content\/uploads\/2021\/06\/IMG_20210611_155351-Copie-1152x1536.jpg 1152w, https:\/\/corcouesurlogne-ecole.fr\/wp-content\/uploads\/2021\/06\/IMG_20210611_155351-Copie-1536x2048.jpg 1536w, https:\/\/corcouesurlogne-ecole.fr\/wp-content\/uploads\/2021\/06\/IMG_20210611_155351-Copie-scaled.jpg 1920w\" sizes=\"(max-width: 225px) 100vw, 225px\" \/><\/a><p id=\"caption-attachment-8266\" class=\"wp-caption-text\">Plantation de graines de moutarde r\u00e9alis\u00e9es en classe.<\/p><\/div>\n<div id=\"attachment_8265\" style=\"width: 235px\" class=\"wp-caption aligncenter\"><a href=\"https:\/\/corcouesurlogne-ecole.fr\/wp-content\/uploads\/2021\/06\/IMG_20210611_155332-Copie-scaled.jpg\"><img loading=\"lazy\" decoding=\"async\" aria-describedby=\"caption-attachment-8265\" class=\"size-medium wp-image-8265\" src=\"https:\/\/corcouesurlogne-ecole.fr\/wp-content\/uploads\/2021\/06\/IMG_20210611_155332-Copie-225x300.jpg\" alt=\"\" width=\"225\" height=\"300\" srcset=\"https:\/\/corcouesurlogne-ecole.fr\/wp-content\/uploads\/2021\/06\/IMG_20210611_155332-Copie-225x300.jpg 225w, https:\/\/corcouesurlogne-ecole.fr\/wp-content\/uploads\/2021\/06\/IMG_20210611_155332-Copie-768x1024.jpg 768w, https:\/\/corcouesurlogne-ecole.fr\/wp-content\/uploads\/2021\/06\/IMG_20210611_155332-Copie-1152x1536.jpg 1152w, https:\/\/corcouesurlogne-ecole.fr\/wp-content\/uploads\/2021\/06\/IMG_20210611_155332-Copie-1536x2048.jpg 1536w, https:\/\/corcouesurlogne-ecole.fr\/wp-content\/uploads\/2021\/06\/IMG_20210611_155332-Copie-scaled.jpg 1920w\" sizes=\"(max-width: 225px) 100vw, 225px\" \/><\/a><p id=\"caption-attachment-8265\" class=\"wp-caption-text\">Observation puis dessin de l&rsquo;\u00e9volution de la pousse<\/p><\/div>\n<div id=\"attachment_8267\" style=\"width: 235px\" class=\"wp-caption aligncenter\"><a href=\"https:\/\/corcouesurlogne-ecole.fr\/wp-content\/uploads\/2021\/06\/IMG_20210618_151406-Copie-scaled.jpg\"><img loading=\"lazy\" decoding=\"async\" aria-describedby=\"caption-attachment-8267\" class=\"size-medium wp-image-8267\" src=\"https:\/\/corcouesurlogne-ecole.fr\/wp-content\/uploads\/2021\/06\/IMG_20210618_151406-Copie-225x300.jpg\" alt=\"\" width=\"225\" height=\"300\" srcset=\"https:\/\/corcouesurlogne-ecole.fr\/wp-content\/uploads\/2021\/06\/IMG_20210618_151406-Copie-225x300.jpg 225w, https:\/\/corcouesurlogne-ecole.fr\/wp-content\/uploads\/2021\/06\/IMG_20210618_151406-Copie-768x1024.jpg 768w, https:\/\/corcouesurlogne-ecole.fr\/wp-content\/uploads\/2021\/06\/IMG_20210618_151406-Copie-1152x1536.jpg 1152w, https:\/\/corcouesurlogne-ecole.fr\/wp-content\/uploads\/2021\/06\/IMG_20210618_151406-Copie-1536x2048.jpg 1536w, https:\/\/corcouesurlogne-ecole.fr\/wp-content\/uploads\/2021\/06\/IMG_20210618_151406-Copie-scaled.jpg 1920w\" sizes=\"(max-width: 225px) 100vw, 225px\" \/><\/a><p id=\"caption-attachment-8267\" class=\"wp-caption-text\">Repiquage au jardin partag\u00e9.<\/p><\/div>\n<div id=\"attachment_8269\" style=\"width: 310px\" class=\"wp-caption aligncenter\"><a href=\"https:\/\/corcouesurlogne-ecole.fr\/wp-content\/uploads\/2021\/06\/IMG_20210618_151653-scaled.jpg\"><img loading=\"lazy\" decoding=\"async\" aria-describedby=\"caption-attachment-8269\" class=\"wp-image-8269 size-medium\" src=\"https:\/\/corcouesurlogne-ecole.fr\/wp-content\/uploads\/2021\/06\/IMG_20210618_151653-scaled-e1624180820210-300x225.jpg\" alt=\"\" width=\"300\" height=\"225\" srcset=\"https:\/\/corcouesurlogne-ecole.fr\/wp-content\/uploads\/2021\/06\/IMG_20210618_151653-scaled-e1624180820210-300x225.jpg 300w, https:\/\/corcouesurlogne-ecole.fr\/wp-content\/uploads\/2021\/06\/IMG_20210618_151653-scaled-e1624180820210-1024x768.jpg 1024w, https:\/\/corcouesurlogne-ecole.fr\/wp-content\/uploads\/2021\/06\/IMG_20210618_151653-scaled-e1624180820210-768x576.jpg 768w, https:\/\/corcouesurlogne-ecole.fr\/wp-content\/uploads\/2021\/06\/IMG_20210618_151653-scaled-e1624180820210-1536x1152.jpg 1536w, https:\/\/corcouesurlogne-ecole.fr\/wp-content\/uploads\/2021\/06\/IMG_20210618_151653-scaled-e1624180820210-2048x1536.jpg 2048w\" sizes=\"(max-width: 300px) 100vw, 300px\" \/><\/a><p id=\"caption-attachment-8269\" class=\"wp-caption-text\">Observation et repiquage au jardin partag\u00e9.<\/p><\/div>\n","protected":false},"excerpt":{"rendered":"<p>Ce vendredi, nous , les GS , sommes all\u00e9s voir le jardin partag\u00e9 \u00e0 c\u00f4t\u00e9 de l&rsquo;\u00e9cole. Nous avons pu observ\u00e9 les plantations d\u00e9j\u00e0 effectu\u00e9es par d&rsquo;autres. Nous avons repiqu\u00e9 quelques plantes de moutarde que nous avons fait pousser en classe.<\/p>\n","protected":false},"author":1,"featured_media":8269,"comment_status":"closed","ping_status":"closed","sticky":false,"template":"","format":"standard","meta":{"ngg_post_thumbnail":0,"footnotes":""},"categories":[23,1],"tags":[],"_links":{"self":[{"href":"https:\/\/corcouesurlogne-ecole.fr\/index.php?rest_route=\/wp\/v2\/posts\/8264"}],"collection":[{"href":"https:\/\/corcouesurlogne-ecole.fr\/index.php?rest_route=\/wp\/v2\/posts"}],"about":[{"href":"https:\/\/corcouesurlogne-ecole.fr\/index.php?rest_route=\/wp\/v2\/types\/post"}],"author":[{"embeddable":true,"href":"https:\/\/corcouesurlogne-ecole.fr\/index.php?rest_route=\/wp\/v2\/users\/1"}],"replies":[{"embeddable":true,"href":"https:\/\/corcouesurlogne-ecole.fr\/index.php?rest_route=%2Fwp%2Fv2%2Fcomments&post=8264"}],"version-history":[{"count":2,"href":"https:\/\/corcouesurlogne-ecole.fr\/index.php?rest_route=\/wp\/v2\/posts\/8264\/revisions"}],"predecessor-version":[{"id":8271,"href":"https:\/\/corcouesurlogne-ecole.fr\/index.php?rest_route=\/wp\/v2\/posts\/8264\/revisions\/8271"}],"wp:featuredmedia":[{"embeddable":true,"href":"https:\/\/corcouesurlogne-ecole.fr\/index.php?rest_route=\/wp\/v2\/media\/8269"}],"wp:attachment":[{"href":"https:\/\/corcouesurlogne-ecole.fr\/index.php?rest_route=%2Fwp%2Fv2%2Fmedia&parent=8264"}],"wp:term":[{"taxonomy":"category","embeddable":true,"href":"https:\/\/corcouesurlogne-ecole.fr\/index.php?rest_route=%2Fwp%2Fv2%2Fcategories&post=8264"},{"taxonomy":"post_tag","embeddable":true,"href":"https:\/\/corcouesurlogne-ecole.fr\/index.php?rest_route=%2Fwp%2Fv2%2Ftags&post=8264"}],"curies":[{"name":"wp","href":"https:\/\/api.w.org\/{rel}","templated":true}]}}