{"id":8111,"date":"2021-06-01T13:25:19","date_gmt":"2021-06-01T12:25:19","guid":{"rendered":"https:\/\/corcouesurlogne-ecole.fr\/?p=8111"},"modified":"2021-06-01T13:25:19","modified_gmt":"2021-06-01T12:25:19","slug":"que-de-talents","status":"publish","type":"post","link":"https:\/\/corcouesurlogne-ecole.fr\/?p=8111","title":{"rendered":"Que de talents !"},"content":{"rendered":"<p>Depuis quelques semaines maintenant, chaque \u00e9l\u00e8ve a pu pr\u00e9senter son talent \u00e0 la classe. Chacun a re\u00e7u ensuite de nombreux compliments de ses camarades, un moment tr\u00e8s agr\u00e9able pour tous !<\/p>\n<p>Notre arbre est maintenant termin\u00e9 avec les 26 photos color\u00e9es. Encore bravo aux talentueux CE2 !<\/p>\n<p style=\"text-align: center\"><a href=\"https:\/\/corcouesurlogne-ecole.fr\/wp-content\/uploads\/2021\/06\/IMG_20210527_102109-scaled.jpg\"><img loading=\"lazy\" decoding=\"async\" class=\"aligncenter size-medium wp-image-8110\" src=\"https:\/\/corcouesurlogne-ecole.fr\/wp-content\/uploads\/2021\/06\/IMG_20210527_102109-225x300.jpg\" alt=\"\" width=\"225\" height=\"300\" srcset=\"https:\/\/corcouesurlogne-ecole.fr\/wp-content\/uploads\/2021\/06\/IMG_20210527_102109-225x300.jpg 225w, https:\/\/corcouesurlogne-ecole.fr\/wp-content\/uploads\/2021\/06\/IMG_20210527_102109-768x1024.jpg 768w, https:\/\/corcouesurlogne-ecole.fr\/wp-content\/uploads\/2021\/06\/IMG_20210527_102109-1152x1536.jpg 1152w, https:\/\/corcouesurlogne-ecole.fr\/wp-content\/uploads\/2021\/06\/IMG_20210527_102109-1536x2048.jpg 1536w, https:\/\/corcouesurlogne-ecole.fr\/wp-content\/uploads\/2021\/06\/IMG_20210527_102109-scaled.jpg 1920w\" sizes=\"(max-width: 225px) 100vw, 225px\" \/><\/a><\/p>\n","protected":false},"excerpt":{"rendered":"<p>Depuis quelques semaines maintenant, chaque \u00e9l\u00e8ve a pu pr\u00e9senter son talent \u00e0 la classe. Chacun a re\u00e7u ensuite de nombreux compliments de ses camarades, un moment tr\u00e8s agr\u00e9able pour tous ! Notre arbre est maintenant termin\u00e9 avec les 26 photos color\u00e9es. Encore bravo aux talentueux CE2 !<\/p>\n","protected":false},"author":6,"featured_media":0,"comment_status":"closed","ping_status":"closed","sticky":false,"template":"","format":"standard","meta":{"ngg_post_thumbnail":0,"footnotes":""},"categories":[24,10],"tags":[],"_links":{"self":[{"href":"https:\/\/corcouesurlogne-ecole.fr\/index.php?rest_route=\/wp\/v2\/posts\/8111"}],"collection":[{"href":"https:\/\/corcouesurlogne-ecole.fr\/index.php?rest_route=\/wp\/v2\/posts"}],"about":[{"href":"https:\/\/corcouesurlogne-ecole.fr\/index.php?rest_route=\/wp\/v2\/types\/post"}],"author":[{"embeddable":true,"href":"https:\/\/corcouesurlogne-ecole.fr\/index.php?rest_route=\/wp\/v2\/users\/6"}],"replies":[{"embeddable":true,"href":"https:\/\/corcouesurlogne-ecole.fr\/index.php?rest_route=%2Fwp%2Fv2%2Fcomments&post=8111"}],"version-history":[{"count":2,"href":"https:\/\/corcouesurlogne-ecole.fr\/index.php?rest_route=\/wp\/v2\/posts\/8111\/revisions"}],"predecessor-version":[{"id":8113,"href":"https:\/\/corcouesurlogne-ecole.fr\/index.php?rest_route=\/wp\/v2\/posts\/8111\/revisions\/8113"}],"wp:attachment":[{"href":"https:\/\/corcouesurlogne-ecole.fr\/index.php?rest_route=%2Fwp%2Fv2%2Fmedia&parent=8111"}],"wp:term":[{"taxonomy":"category","embeddable":true,"href":"https:\/\/corcouesurlogne-ecole.fr\/index.php?rest_route=%2Fwp%2Fv2%2Fcategories&post=8111"},{"taxonomy":"post_tag","embeddable":true,"href":"https:\/\/corcouesurlogne-ecole.fr\/index.php?rest_route=%2Fwp%2Fv2%2Ftags&post=8111"}],"curies":[{"name":"wp","href":"https:\/\/api.w.org\/{rel}","templated":true}]}}