{"id":8040,"date":"2021-03-31T09:44:36","date_gmt":"2021-03-31T08:44:36","guid":{"rendered":"https:\/\/corcouesurlogne-ecole.fr\/?p=8040"},"modified":"2021-03-31T10:02:58","modified_gmt":"2021-03-31T09:02:58","slug":"notre-arbre-des-talents","status":"publish","type":"post","link":"https:\/\/corcouesurlogne-ecole.fr\/?p=8040","title":{"rendered":"Notre arbre des talents"},"content":{"rendered":"<p>Afin de garder un souvenir des talents pr\u00e9sent\u00e9s en classe, nous avons r\u00e9alis\u00e9 un arbre des talents.<br \/>\nMaintenant qu&rsquo;il est peint nous allons pouvoir y coller une photo de chacun d&rsquo;entre nous avec son talent.<\/p>\n<p>&nbsp;<\/p>\n<p><a href=\"https:\/\/corcouesurlogne-ecole.fr\/wp-content\/uploads\/2021\/03\/Arbre-des-talents-peinture.jpg\"><img loading=\"lazy\" decoding=\"async\" class=\"alignnone size-medium wp-image-8041\" src=\"https:\/\/corcouesurlogne-ecole.fr\/wp-content\/uploads\/2021\/03\/Arbre-des-talents-peinture-300x233.jpg\" alt=\"\" width=\"300\" height=\"233\" srcset=\"https:\/\/corcouesurlogne-ecole.fr\/wp-content\/uploads\/2021\/03\/Arbre-des-talents-peinture-300x233.jpg 300w, https:\/\/corcouesurlogne-ecole.fr\/wp-content\/uploads\/2021\/03\/Arbre-des-talents-peinture-768x598.jpg 768w, https:\/\/corcouesurlogne-ecole.fr\/wp-content\/uploads\/2021\/03\/Arbre-des-talents-peinture.jpg 1018w\" sizes=\"(max-width: 300px) 100vw, 300px\" \/><\/a><a href=\"https:\/\/corcouesurlogne-ecole.fr\/wp-content\/uploads\/2021\/03\/E18DD576-43F1-4B70-9A84-BCC38F029D10.jpeg\"><img loading=\"lazy\" decoding=\"async\" class=\"alignnone size-medium wp-image-8042\" src=\"https:\/\/corcouesurlogne-ecole.fr\/wp-content\/uploads\/2021\/03\/E18DD576-43F1-4B70-9A84-BCC38F029D10-300x225.jpeg\" alt=\"\" width=\"300\" height=\"225\" srcset=\"https:\/\/corcouesurlogne-ecole.fr\/wp-content\/uploads\/2021\/03\/E18DD576-43F1-4B70-9A84-BCC38F029D10-300x225.jpeg 300w, https:\/\/corcouesurlogne-ecole.fr\/wp-content\/uploads\/2021\/03\/E18DD576-43F1-4B70-9A84-BCC38F029D10-1024x768.jpeg 1024w, https:\/\/corcouesurlogne-ecole.fr\/wp-content\/uploads\/2021\/03\/E18DD576-43F1-4B70-9A84-BCC38F029D10-768x576.jpeg 768w, https:\/\/corcouesurlogne-ecole.fr\/wp-content\/uploads\/2021\/03\/E18DD576-43F1-4B70-9A84-BCC38F029D10-1536x1152.jpeg 1536w, https:\/\/corcouesurlogne-ecole.fr\/wp-content\/uploads\/2021\/03\/E18DD576-43F1-4B70-9A84-BCC38F029D10.jpeg 1600w\" sizes=\"(max-width: 300px) 100vw, 300px\" \/><\/a><\/p>\n<p>&nbsp;<\/p>\n","protected":false},"excerpt":{"rendered":"<p>Afin de garder un souvenir des talents pr\u00e9sent\u00e9s en classe, nous avons r\u00e9alis\u00e9 un arbre des talents. Maintenant qu&rsquo;il est peint nous allons pouvoir y coller une photo de chacun d&rsquo;entre nous avec son talent. &nbsp; &nbsp;<\/p>\n","protected":false},"author":6,"featured_media":0,"comment_status":"closed","ping_status":"closed","sticky":false,"template":"","format":"standard","meta":{"ngg_post_thumbnail":0,"footnotes":""},"categories":[24,10],"tags":[],"_links":{"self":[{"href":"https:\/\/corcouesurlogne-ecole.fr\/index.php?rest_route=\/wp\/v2\/posts\/8040"}],"collection":[{"href":"https:\/\/corcouesurlogne-ecole.fr\/index.php?rest_route=\/wp\/v2\/posts"}],"about":[{"href":"https:\/\/corcouesurlogne-ecole.fr\/index.php?rest_route=\/wp\/v2\/types\/post"}],"author":[{"embeddable":true,"href":"https:\/\/corcouesurlogne-ecole.fr\/index.php?rest_route=\/wp\/v2\/users\/6"}],"replies":[{"embeddable":true,"href":"https:\/\/corcouesurlogne-ecole.fr\/index.php?rest_route=%2Fwp%2Fv2%2Fcomments&post=8040"}],"version-history":[{"count":2,"href":"https:\/\/corcouesurlogne-ecole.fr\/index.php?rest_route=\/wp\/v2\/posts\/8040\/revisions"}],"predecessor-version":[{"id":8044,"href":"https:\/\/corcouesurlogne-ecole.fr\/index.php?rest_route=\/wp\/v2\/posts\/8040\/revisions\/8044"}],"wp:attachment":[{"href":"https:\/\/corcouesurlogne-ecole.fr\/index.php?rest_route=%2Fwp%2Fv2%2Fmedia&parent=8040"}],"wp:term":[{"taxonomy":"category","embeddable":true,"href":"https:\/\/corcouesurlogne-ecole.fr\/index.php?rest_route=%2Fwp%2Fv2%2Fcategories&post=8040"},{"taxonomy":"post_tag","embeddable":true,"href":"https:\/\/corcouesurlogne-ecole.fr\/index.php?rest_route=%2Fwp%2Fv2%2Ftags&post=8040"}],"curies":[{"name":"wp","href":"https:\/\/api.w.org\/{rel}","templated":true}]}}