{"id":8022,"date":"2021-03-28T13:45:47","date_gmt":"2021-03-28T12:45:47","guid":{"rendered":"https:\/\/corcouesurlogne-ecole.fr\/?p=8022"},"modified":"2021-03-28T13:45:47","modified_gmt":"2021-03-28T12:45:47","slug":"nos-petites-poules","status":"publish","type":"post","link":"https:\/\/corcouesurlogne-ecole.fr\/?p=8022","title":{"rendered":"Nos petites poules"},"content":{"rendered":"<p>Pour la chasse aux oeufs du vendredi 2 avril, nous avons pr\u00e9par\u00e9 une petite poule qui nous servira de panier.<\/p>\n<p>Nous l&rsquo;avons peint avec de belles couleurs. Puis, nous avons coll\u00e9 la cr\u00eate rouge, deux yeux mobiles et une plume color\u00e9e de la chaque c\u00f4t\u00e9 de la poule.<\/p>\n<p>Nous sommes fiers de notre travail et nous trouvons nos poules tr\u00e8s jolies!<\/p>\n<p><a href=\"https:\/\/corcouesurlogne-ecole.fr\/wp-content\/uploads\/2021\/03\/20210322_152413-scaled.jpg\"><img loading=\"lazy\" decoding=\"async\" class=\"alignnone size-medium wp-image-8023\" src=\"https:\/\/corcouesurlogne-ecole.fr\/wp-content\/uploads\/2021\/03\/20210322_152413-225x300.jpg\" alt=\"\" width=\"225\" height=\"300\" srcset=\"https:\/\/corcouesurlogne-ecole.fr\/wp-content\/uploads\/2021\/03\/20210322_152413-225x300.jpg 225w, https:\/\/corcouesurlogne-ecole.fr\/wp-content\/uploads\/2021\/03\/20210322_152413-768x1024.jpg 768w, https:\/\/corcouesurlogne-ecole.fr\/wp-content\/uploads\/2021\/03\/20210322_152413-1152x1536.jpg 1152w, https:\/\/corcouesurlogne-ecole.fr\/wp-content\/uploads\/2021\/03\/20210322_152413-1536x2048.jpg 1536w, https:\/\/corcouesurlogne-ecole.fr\/wp-content\/uploads\/2021\/03\/20210322_152413-scaled.jpg 1920w\" sizes=\"(max-width: 225px) 100vw, 225px\" \/><\/a> <a href=\"https:\/\/corcouesurlogne-ecole.fr\/wp-content\/uploads\/2021\/03\/20210322_152419-scaled.jpg\"><img loading=\"lazy\" decoding=\"async\" class=\"alignnone size-medium wp-image-8024\" src=\"https:\/\/corcouesurlogne-ecole.fr\/wp-content\/uploads\/2021\/03\/20210322_152419-225x300.jpg\" alt=\"\" width=\"225\" height=\"300\" srcset=\"https:\/\/corcouesurlogne-ecole.fr\/wp-content\/uploads\/2021\/03\/20210322_152419-225x300.jpg 225w, https:\/\/corcouesurlogne-ecole.fr\/wp-content\/uploads\/2021\/03\/20210322_152419-768x1024.jpg 768w, https:\/\/corcouesurlogne-ecole.fr\/wp-content\/uploads\/2021\/03\/20210322_152419-1152x1536.jpg 1152w, https:\/\/corcouesurlogne-ecole.fr\/wp-content\/uploads\/2021\/03\/20210322_152419-1536x2048.jpg 1536w, https:\/\/corcouesurlogne-ecole.fr\/wp-content\/uploads\/2021\/03\/20210322_152419-scaled.jpg 1920w\" sizes=\"(max-width: 225px) 100vw, 225px\" \/><\/a> <a href=\"https:\/\/corcouesurlogne-ecole.fr\/wp-content\/uploads\/2021\/03\/20210325_153744-scaled.jpg\"><img loading=\"lazy\" decoding=\"async\" class=\"alignnone size-medium wp-image-8025\" src=\"https:\/\/corcouesurlogne-ecole.fr\/wp-content\/uploads\/2021\/03\/20210325_153744-225x300.jpg\" alt=\"\" width=\"225\" height=\"300\" srcset=\"https:\/\/corcouesurlogne-ecole.fr\/wp-content\/uploads\/2021\/03\/20210325_153744-225x300.jpg 225w, https:\/\/corcouesurlogne-ecole.fr\/wp-content\/uploads\/2021\/03\/20210325_153744-768x1024.jpg 768w, https:\/\/corcouesurlogne-ecole.fr\/wp-content\/uploads\/2021\/03\/20210325_153744-1152x1536.jpg 1152w, https:\/\/corcouesurlogne-ecole.fr\/wp-content\/uploads\/2021\/03\/20210325_153744-1536x2048.jpg 1536w, https:\/\/corcouesurlogne-ecole.fr\/wp-content\/uploads\/2021\/03\/20210325_153744-scaled.jpg 1920w\" sizes=\"(max-width: 225px) 100vw, 225px\" \/><\/a> <a href=\"https:\/\/corcouesurlogne-ecole.fr\/wp-content\/uploads\/2021\/03\/20210325_153749-scaled.jpg\"><img loading=\"lazy\" decoding=\"async\" class=\"alignnone size-medium wp-image-8026\" src=\"https:\/\/corcouesurlogne-ecole.fr\/wp-content\/uploads\/2021\/03\/20210325_153749-225x300.jpg\" alt=\"\" width=\"225\" height=\"300\" srcset=\"https:\/\/corcouesurlogne-ecole.fr\/wp-content\/uploads\/2021\/03\/20210325_153749-225x300.jpg 225w, https:\/\/corcouesurlogne-ecole.fr\/wp-content\/uploads\/2021\/03\/20210325_153749-768x1024.jpg 768w, https:\/\/corcouesurlogne-ecole.fr\/wp-content\/uploads\/2021\/03\/20210325_153749-1152x1536.jpg 1152w, https:\/\/corcouesurlogne-ecole.fr\/wp-content\/uploads\/2021\/03\/20210325_153749-1536x2048.jpg 1536w, https:\/\/corcouesurlogne-ecole.fr\/wp-content\/uploads\/2021\/03\/20210325_153749-scaled.jpg 1920w\" sizes=\"(max-width: 225px) 100vw, 225px\" \/><\/a> <a href=\"https:\/\/corcouesurlogne-ecole.fr\/wp-content\/uploads\/2021\/03\/20210325_160103-scaled.jpg\">P<img loading=\"lazy\" decoding=\"async\" class=\"alignnone size-medium wp-image-8027\" src=\"https:\/\/corcouesurlogne-ecole.fr\/wp-content\/uploads\/2021\/03\/20210325_160103-225x300.jpg\" alt=\"\" width=\"225\" height=\"300\" srcset=\"https:\/\/corcouesurlogne-ecole.fr\/wp-content\/uploads\/2021\/03\/20210325_160103-225x300.jpg 225w, https:\/\/corcouesurlogne-ecole.fr\/wp-content\/uploads\/2021\/03\/20210325_160103-768x1024.jpg 768w, https:\/\/corcouesurlogne-ecole.fr\/wp-content\/uploads\/2021\/03\/20210325_160103-1152x1536.jpg 1152w, https:\/\/corcouesurlogne-ecole.fr\/wp-content\/uploads\/2021\/03\/20210325_160103-1536x2048.jpg 1536w, https:\/\/corcouesurlogne-ecole.fr\/wp-content\/uploads\/2021\/03\/20210325_160103-scaled.jpg 1920w\" sizes=\"(max-width: 225px) 100vw, 225px\" \/><\/a><\/p>\n<p>Et nous avons appris une petite chanson pour cette occasion: Petite poule en chocolat!<\/p>\n<!--[if lt IE 9]><script>document.createElement('audio');<\/script><![endif]-->\n<audio class=\"wp-audio-shortcode\" id=\"audio-8022-1\" preload=\"none\" style=\"width: 100%;\" controls=\"controls\"><source type=\"audio\/mpeg\" src=\"https:\/\/corcouesurlogne-ecole.fr\/wp-content\/uploads\/2021\/03\/Petite-poule-en-chocolat.mp3?_=1\" \/><a href=\"https:\/\/corcouesurlogne-ecole.fr\/wp-content\/uploads\/2021\/03\/Petite-poule-en-chocolat.mp3\">https:\/\/corcouesurlogne-ecole.fr\/wp-content\/uploads\/2021\/03\/Petite-poule-en-chocolat.mp3<\/a><\/audio>\n","protected":false},"excerpt":{"rendered":"<p>Pour la chasse aux oeufs du vendredi 2 avril, nous avons pr\u00e9par\u00e9 une petite poule qui nous servira de panier. Nous l&rsquo;avons peint avec de belles couleurs. Puis, nous avons coll\u00e9 la cr\u00eate rouge, deux yeux mobiles et une plume color\u00e9e de la chaque c\u00f4t\u00e9 de la poule. Nous sommes fiers de notre travail et<\/p>\n<p><a href=\"https:\/\/corcouesurlogne-ecole.fr\/?p=8022\" class=\"more-link themebutton\">Lire la suite<\/a><\/p>\n","protected":false},"author":11,"featured_media":0,"comment_status":"closed","ping_status":"closed","sticky":false,"template":"","format":"standard","meta":{"ngg_post_thumbnail":0,"footnotes":""},"categories":[6],"tags":[],"_links":{"self":[{"href":"https:\/\/corcouesurlogne-ecole.fr\/index.php?rest_route=\/wp\/v2\/posts\/8022"}],"collection":[{"href":"https:\/\/corcouesurlogne-ecole.fr\/index.php?rest_route=\/wp\/v2\/posts"}],"about":[{"href":"https:\/\/corcouesurlogne-ecole.fr\/index.php?rest_route=\/wp\/v2\/types\/post"}],"author":[{"embeddable":true,"href":"https:\/\/corcouesurlogne-ecole.fr\/index.php?rest_route=\/wp\/v2\/users\/11"}],"replies":[{"embeddable":true,"href":"https:\/\/corcouesurlogne-ecole.fr\/index.php?rest_route=%2Fwp%2Fv2%2Fcomments&post=8022"}],"version-history":[{"count":1,"href":"https:\/\/corcouesurlogne-ecole.fr\/index.php?rest_route=\/wp\/v2\/posts\/8022\/revisions"}],"predecessor-version":[{"id":8029,"href":"https:\/\/corcouesurlogne-ecole.fr\/index.php?rest_route=\/wp\/v2\/posts\/8022\/revisions\/8029"}],"wp:attachment":[{"href":"https:\/\/corcouesurlogne-ecole.fr\/index.php?rest_route=%2Fwp%2Fv2%2Fmedia&parent=8022"}],"wp:term":[{"taxonomy":"category","embeddable":true,"href":"https:\/\/corcouesurlogne-ecole.fr\/index.php?rest_route=%2Fwp%2Fv2%2Fcategories&post=8022"},{"taxonomy":"post_tag","embeddable":true,"href":"https:\/\/corcouesurlogne-ecole.fr\/index.php?rest_route=%2Fwp%2Fv2%2Ftags&post=8022"}],"curies":[{"name":"wp","href":"https:\/\/api.w.org\/{rel}","templated":true}]}}