{"id":7696,"date":"2021-01-13T09:28:29","date_gmt":"2021-01-13T08:28:29","guid":{"rendered":"https:\/\/corcouesurlogne-ecole.fr\/?p=7696"},"modified":"2021-01-13T09:28:29","modified_gmt":"2021-01-13T08:28:29","slug":"les-percussions-corporelles","status":"publish","type":"post","link":"https:\/\/corcouesurlogne-ecole.fr\/?p=7696","title":{"rendered":"Les percussions corporelles."},"content":{"rendered":"<div style=\"width: 1170px;\" class=\"wp-video\"><!--[if lt IE 9]><script>document.createElement('video');<\/script><![endif]-->\n<video class=\"wp-video-shortcode\" id=\"video-7696-1\" width=\"1170\" height=\"658\" preload=\"metadata\" controls=\"controls\"><source type=\"video\/mp4\" src=\"https:\/\/corcouesurlogne-ecole.fr\/wp-content\/uploads\/2021\/01\/Bulle-du-silence.mp4?_=1\" \/><a href=\"https:\/\/corcouesurlogne-ecole.fr\/wp-content\/uploads\/2021\/01\/Bulle-du-silence.mp4\">https:\/\/corcouesurlogne-ecole.fr\/wp-content\/uploads\/2021\/01\/Bulle-du-silence.mp4<\/a><\/video><\/div>\n<p>&nbsp;<\/p>\n<p>Pendant le premier trimestre, les \u00e9l\u00e8ves ont appris \u00e0 faire des percussions corporelles avec une professeur de chant et de musique, Genevi\u00e8ve. Pour se concentrer, elle commen\u00e7ait par une s\u00e9ance appel\u00e9e la bulle de silence en utilisant un instrument de percussion africain, une karimba (sanza).<\/p>\n","protected":false},"excerpt":{"rendered":"<p>&nbsp; Pendant le premier trimestre, les \u00e9l\u00e8ves ont appris \u00e0 faire des percussions corporelles avec une professeur de chant et de musique, Genevi\u00e8ve. Pour se concentrer, elle commen\u00e7ait par une s\u00e9ance appel\u00e9e la bulle de silence en utilisant un instrument de percussion africain, une karimba (sanza).<\/p>\n","protected":false},"author":9,"featured_media":0,"comment_status":"closed","ping_status":"closed","sticky":false,"template":"","format":"standard","meta":{"ngg_post_thumbnail":0,"footnotes":""},"categories":[9],"tags":[],"_links":{"self":[{"href":"https:\/\/corcouesurlogne-ecole.fr\/index.php?rest_route=\/wp\/v2\/posts\/7696"}],"collection":[{"href":"https:\/\/corcouesurlogne-ecole.fr\/index.php?rest_route=\/wp\/v2\/posts"}],"about":[{"href":"https:\/\/corcouesurlogne-ecole.fr\/index.php?rest_route=\/wp\/v2\/types\/post"}],"author":[{"embeddable":true,"href":"https:\/\/corcouesurlogne-ecole.fr\/index.php?rest_route=\/wp\/v2\/users\/9"}],"replies":[{"embeddable":true,"href":"https:\/\/corcouesurlogne-ecole.fr\/index.php?rest_route=%2Fwp%2Fv2%2Fcomments&post=7696"}],"version-history":[{"count":1,"href":"https:\/\/corcouesurlogne-ecole.fr\/index.php?rest_route=\/wp\/v2\/posts\/7696\/revisions"}],"predecessor-version":[{"id":7698,"href":"https:\/\/corcouesurlogne-ecole.fr\/index.php?rest_route=\/wp\/v2\/posts\/7696\/revisions\/7698"}],"wp:attachment":[{"href":"https:\/\/corcouesurlogne-ecole.fr\/index.php?rest_route=%2Fwp%2Fv2%2Fmedia&parent=7696"}],"wp:term":[{"taxonomy":"category","embeddable":true,"href":"https:\/\/corcouesurlogne-ecole.fr\/index.php?rest_route=%2Fwp%2Fv2%2Fcategories&post=7696"},{"taxonomy":"post_tag","embeddable":true,"href":"https:\/\/corcouesurlogne-ecole.fr\/index.php?rest_route=%2Fwp%2Fv2%2Ftags&post=7696"}],"curies":[{"name":"wp","href":"https:\/\/api.w.org\/{rel}","templated":true}]}}