{"id":7684,"date":"2021-01-08T15:25:08","date_gmt":"2021-01-08T14:25:08","guid":{"rendered":"https:\/\/corcouesurlogne-ecole.fr\/?p=7684"},"modified":"2021-01-08T15:25:08","modified_gmt":"2021-01-08T14:25:08","slug":"expose-de-arthur","status":"publish","type":"post","link":"https:\/\/corcouesurlogne-ecole.fr\/?p=7684","title":{"rendered":"Expos\u00e9 de Arthur"},"content":{"rendered":"<p>Mardi Arthur a d\u00e9cid\u00e9 d&rsquo;utiliser son privil\u00e8ge \u00ab\u00a0faire un expos\u00e9\u00a0\u00bb pour nous pr\u00e9senter le Pic du Midi.<\/p>\n<p>Nous avons pu d\u00e9couvrir de nombreuses informations sur ce beau site fran\u00e7ais.<\/p>\n<p>Merci Arthur pour toutes ces d\u00e9couvertes.<\/p>\n<p>&nbsp;<\/p>\n<p><a href=\"https:\/\/corcouesurlogne-ecole.fr\/wp-content\/uploads\/2021\/01\/ARTHUR-scaled.jpg\"><img loading=\"lazy\" decoding=\"async\" class=\"alignnone size-medium wp-image-7685\" src=\"https:\/\/corcouesurlogne-ecole.fr\/wp-content\/uploads\/2021\/01\/ARTHUR-221x300.jpg\" alt=\"\" width=\"221\" height=\"300\" srcset=\"https:\/\/corcouesurlogne-ecole.fr\/wp-content\/uploads\/2021\/01\/ARTHUR-221x300.jpg 221w, https:\/\/corcouesurlogne-ecole.fr\/wp-content\/uploads\/2021\/01\/ARTHUR-753x1024.jpg 753w, https:\/\/corcouesurlogne-ecole.fr\/wp-content\/uploads\/2021\/01\/ARTHUR-768x1044.jpg 768w, https:\/\/corcouesurlogne-ecole.fr\/wp-content\/uploads\/2021\/01\/ARTHUR-1130x1536.jpg 1130w, https:\/\/corcouesurlogne-ecole.fr\/wp-content\/uploads\/2021\/01\/ARTHUR-1507x2048.jpg 1507w, https:\/\/corcouesurlogne-ecole.fr\/wp-content\/uploads\/2021\/01\/ARTHUR-scaled.jpg 1884w\" sizes=\"(max-width: 221px) 100vw, 221px\" \/>\u00a0 \u00a0 \u00a0 \u00a0 \u00a0 \u00a0 \u00a0 \u00a0 \u00a0 \u00a0 \u00a0<\/a><a href=\"https:\/\/corcouesurlogne-ecole.fr\/wp-content\/uploads\/2021\/01\/pic-du-midi.png\"><img loading=\"lazy\" decoding=\"async\" class=\"alignnone size-medium wp-image-7686\" src=\"https:\/\/corcouesurlogne-ecole.fr\/wp-content\/uploads\/2021\/01\/pic-du-midi-300x194.png\" alt=\"\" width=\"300\" height=\"194\" srcset=\"https:\/\/corcouesurlogne-ecole.fr\/wp-content\/uploads\/2021\/01\/pic-du-midi-300x194.png 300w, https:\/\/corcouesurlogne-ecole.fr\/wp-content\/uploads\/2021\/01\/pic-du-midi.png 538w\" sizes=\"(max-width: 300px) 100vw, 300px\" \/><\/a><\/p>\n","protected":false},"excerpt":{"rendered":"<p>Mardi Arthur a d\u00e9cid\u00e9 d&rsquo;utiliser son privil\u00e8ge \u00ab\u00a0faire un expos\u00e9\u00a0\u00bb pour nous pr\u00e9senter le Pic du Midi. Nous avons pu d\u00e9couvrir de nombreuses informations sur ce beau site fran\u00e7ais. Merci Arthur pour toutes ces d\u00e9couvertes. &nbsp; \u00a0 \u00a0 \u00a0 \u00a0 \u00a0 \u00a0 \u00a0 \u00a0 \u00a0 \u00a0 \u00a0<\/p>\n","protected":false},"author":6,"featured_media":0,"comment_status":"closed","ping_status":"closed","sticky":false,"template":"","format":"standard","meta":{"ngg_post_thumbnail":0,"footnotes":""},"categories":[24,10,1],"tags":[],"_links":{"self":[{"href":"https:\/\/corcouesurlogne-ecole.fr\/index.php?rest_route=\/wp\/v2\/posts\/7684"}],"collection":[{"href":"https:\/\/corcouesurlogne-ecole.fr\/index.php?rest_route=\/wp\/v2\/posts"}],"about":[{"href":"https:\/\/corcouesurlogne-ecole.fr\/index.php?rest_route=\/wp\/v2\/types\/post"}],"author":[{"embeddable":true,"href":"https:\/\/corcouesurlogne-ecole.fr\/index.php?rest_route=\/wp\/v2\/users\/6"}],"replies":[{"embeddable":true,"href":"https:\/\/corcouesurlogne-ecole.fr\/index.php?rest_route=%2Fwp%2Fv2%2Fcomments&post=7684"}],"version-history":[{"count":2,"href":"https:\/\/corcouesurlogne-ecole.fr\/index.php?rest_route=\/wp\/v2\/posts\/7684\/revisions"}],"predecessor-version":[{"id":7689,"href":"https:\/\/corcouesurlogne-ecole.fr\/index.php?rest_route=\/wp\/v2\/posts\/7684\/revisions\/7689"}],"wp:attachment":[{"href":"https:\/\/corcouesurlogne-ecole.fr\/index.php?rest_route=%2Fwp%2Fv2%2Fmedia&parent=7684"}],"wp:term":[{"taxonomy":"category","embeddable":true,"href":"https:\/\/corcouesurlogne-ecole.fr\/index.php?rest_route=%2Fwp%2Fv2%2Fcategories&post=7684"},{"taxonomy":"post_tag","embeddable":true,"href":"https:\/\/corcouesurlogne-ecole.fr\/index.php?rest_route=%2Fwp%2Fv2%2Ftags&post=7684"}],"curies":[{"name":"wp","href":"https:\/\/api.w.org\/{rel}","templated":true}]}}