{"id":7673,"date":"2021-01-03T12:42:26","date_gmt":"2021-01-03T11:42:26","guid":{"rendered":"https:\/\/corcouesurlogne-ecole.fr\/?p=7673"},"modified":"2021-01-03T12:42:26","modified_gmt":"2021-01-03T11:42:26","slug":"anniversaire-de-decembre","status":"publish","type":"post","link":"https:\/\/corcouesurlogne-ecole.fr\/?p=7673","title":{"rendered":"Anniversaire de d\u00e9cembre"},"content":{"rendered":"<p>En ce jour de vacances, les GS ont confectionn\u00e9 des sabl\u00e9s pour f\u00eater les anniversaires de d\u00e9cembre. Ils ont utilis\u00e9 des emporte-pi\u00e8ces de No\u00ebl.<\/p>\n<p><a href=\"https:\/\/corcouesurlogne-ecole.fr\/wp-content\/uploads\/2021\/01\/IMG_20201218_133403-scaled.jpg\"><img loading=\"lazy\" decoding=\"async\" class=\"size-medium wp-image-7675 alignleft\" src=\"https:\/\/corcouesurlogne-ecole.fr\/wp-content\/uploads\/2021\/01\/IMG_20201218_133403-300x294.jpg\" alt=\"\" width=\"300\" height=\"294\" srcset=\"https:\/\/corcouesurlogne-ecole.fr\/wp-content\/uploads\/2021\/01\/IMG_20201218_133403-300x294.jpg 300w, https:\/\/corcouesurlogne-ecole.fr\/wp-content\/uploads\/2021\/01\/IMG_20201218_133403-1024x1002.jpg 1024w, https:\/\/corcouesurlogne-ecole.fr\/wp-content\/uploads\/2021\/01\/IMG_20201218_133403-768x752.jpg 768w, https:\/\/corcouesurlogne-ecole.fr\/wp-content\/uploads\/2021\/01\/IMG_20201218_133403-1536x1504.jpg 1536w, https:\/\/corcouesurlogne-ecole.fr\/wp-content\/uploads\/2021\/01\/IMG_20201218_133403-2048x2005.jpg 2048w\" sizes=\"(max-width: 300px) 100vw, 300px\" \/><\/a> <a href=\"https:\/\/corcouesurlogne-ecole.fr\/wp-content\/uploads\/2021\/01\/IMG_20201218_112105-scaled.jpg\"><img loading=\"lazy\" decoding=\"async\" class=\"size-medium wp-image-7674 alignnone\" src=\"https:\/\/corcouesurlogne-ecole.fr\/wp-content\/uploads\/2021\/01\/IMG_20201218_112105-225x300.jpg\" alt=\"\" width=\"225\" height=\"300\" srcset=\"https:\/\/corcouesurlogne-ecole.fr\/wp-content\/uploads\/2021\/01\/IMG_20201218_112105-225x300.jpg 225w, https:\/\/corcouesurlogne-ecole.fr\/wp-content\/uploads\/2021\/01\/IMG_20201218_112105-768x1024.jpg 768w, https:\/\/corcouesurlogne-ecole.fr\/wp-content\/uploads\/2021\/01\/IMG_20201218_112105-1152x1536.jpg 1152w, https:\/\/corcouesurlogne-ecole.fr\/wp-content\/uploads\/2021\/01\/IMG_20201218_112105-1536x2048.jpg 1536w, https:\/\/corcouesurlogne-ecole.fr\/wp-content\/uploads\/2021\/01\/IMG_20201218_112105-scaled.jpg 1920w\" sizes=\"(max-width: 225px) 100vw, 225px\" \/><\/a><\/p>\n<p>BON ANNIVERSAIRE LILY et KA\u00cfNA!<\/p>\n<p><a href=\"https:\/\/corcouesurlogne-ecole.fr\/wp-content\/uploads\/2021\/01\/photo-lily-kaina.png\"><img loading=\"lazy\" decoding=\"async\" class=\"aligncenter size-medium wp-image-7677\" src=\"https:\/\/corcouesurlogne-ecole.fr\/wp-content\/uploads\/2021\/01\/photo-lily-kaina-278x300.png\" alt=\"\" width=\"278\" height=\"300\" srcset=\"https:\/\/corcouesurlogne-ecole.fr\/wp-content\/uploads\/2021\/01\/photo-lily-kaina-278x300.png 278w, https:\/\/corcouesurlogne-ecole.fr\/wp-content\/uploads\/2021\/01\/photo-lily-kaina-948x1024.png 948w, https:\/\/corcouesurlogne-ecole.fr\/wp-content\/uploads\/2021\/01\/photo-lily-kaina-768x830.png 768w, https:\/\/corcouesurlogne-ecole.fr\/wp-content\/uploads\/2021\/01\/photo-lily-kaina-1422x1536.png 1422w, https:\/\/corcouesurlogne-ecole.fr\/wp-content\/uploads\/2021\/01\/photo-lily-kaina-1896x2048.png 1896w\" sizes=\"(max-width: 278px) 100vw, 278px\" \/><\/a><\/p>\n<p>&nbsp;<\/p>\n<p>&nbsp;<\/p>\n","protected":false},"excerpt":{"rendered":"<p>En ce jour de vacances, les GS ont confectionn\u00e9 des sabl\u00e9s pour f\u00eater les anniversaires de d\u00e9cembre. Ils ont utilis\u00e9 des emporte-pi\u00e8ces de No\u00ebl. BON ANNIVERSAIRE LILY et KA\u00cfNA! &nbsp; &nbsp;<\/p>\n","protected":false},"author":1,"featured_media":7674,"comment_status":"closed","ping_status":"closed","sticky":false,"template":"","format":"standard","meta":{"ngg_post_thumbnail":0,"footnotes":""},"categories":[23],"tags":[],"_links":{"self":[{"href":"https:\/\/corcouesurlogne-ecole.fr\/index.php?rest_route=\/wp\/v2\/posts\/7673"}],"collection":[{"href":"https:\/\/corcouesurlogne-ecole.fr\/index.php?rest_route=\/wp\/v2\/posts"}],"about":[{"href":"https:\/\/corcouesurlogne-ecole.fr\/index.php?rest_route=\/wp\/v2\/types\/post"}],"author":[{"embeddable":true,"href":"https:\/\/corcouesurlogne-ecole.fr\/index.php?rest_route=\/wp\/v2\/users\/1"}],"replies":[{"embeddable":true,"href":"https:\/\/corcouesurlogne-ecole.fr\/index.php?rest_route=%2Fwp%2Fv2%2Fcomments&post=7673"}],"version-history":[{"count":1,"href":"https:\/\/corcouesurlogne-ecole.fr\/index.php?rest_route=\/wp\/v2\/posts\/7673\/revisions"}],"predecessor-version":[{"id":7678,"href":"https:\/\/corcouesurlogne-ecole.fr\/index.php?rest_route=\/wp\/v2\/posts\/7673\/revisions\/7678"}],"wp:featuredmedia":[{"embeddable":true,"href":"https:\/\/corcouesurlogne-ecole.fr\/index.php?rest_route=\/wp\/v2\/media\/7674"}],"wp:attachment":[{"href":"https:\/\/corcouesurlogne-ecole.fr\/index.php?rest_route=%2Fwp%2Fv2%2Fmedia&parent=7673"}],"wp:term":[{"taxonomy":"category","embeddable":true,"href":"https:\/\/corcouesurlogne-ecole.fr\/index.php?rest_route=%2Fwp%2Fv2%2Fcategories&post=7673"},{"taxonomy":"post_tag","embeddable":true,"href":"https:\/\/corcouesurlogne-ecole.fr\/index.php?rest_route=%2Fwp%2Fv2%2Ftags&post=7673"}],"curies":[{"name":"wp","href":"https:\/\/api.w.org\/{rel}","templated":true}]}}