{"id":7475,"date":"2020-12-04T16:17:34","date_gmt":"2020-12-04T15:17:34","guid":{"rendered":"https:\/\/corcouesurlogne-ecole.fr\/?p=7475"},"modified":"2020-12-04T16:17:34","modified_gmt":"2020-12-04T15:17:34","slug":"un-air-de-noel-a-lecole","status":"publish","type":"post","link":"https:\/\/corcouesurlogne-ecole.fr\/?p=7475","title":{"rendered":"Un air de No\u00ebl \u00e0 l&rsquo;\u00e9cole !!!"},"content":{"rendered":"<p>Un air de No\u00ebl flotte sur l&rsquo;\u00e9cole St Yves&#8230;.<\/p>\n<p>Vendredi 4 d\u00e9cembre, la classe de CM1-CM2 a d\u00e9cor\u00e9 les ext\u00e9rieurs de l&rsquo;\u00e9cole.<\/p>\n<p>Accrochage de guirlandes aux portails\u00a0 et mise en place des diff\u00e9rentes d\u00e9corations de No\u00ebl dans une ambiance joyeuse ! sympathique moment de partage !<\/p>\n<ul>\n<li><a href=\"https:\/\/corcouesurlogne-ecole.fr\/wp-content\/uploads\/2020\/12\/IMG_3896.jpg\"><img loading=\"lazy\" decoding=\"async\" class=\"alignnone size-medium wp-image-7476\" src=\"https:\/\/corcouesurlogne-ecole.fr\/wp-content\/uploads\/2020\/12\/IMG_3896-300x225.jpg\" alt=\"\" width=\"300\" height=\"225\" srcset=\"https:\/\/corcouesurlogne-ecole.fr\/wp-content\/uploads\/2020\/12\/IMG_3896-300x225.jpg 300w, https:\/\/corcouesurlogne-ecole.fr\/wp-content\/uploads\/2020\/12\/IMG_3896.jpg 640w\" sizes=\"(max-width: 300px) 100vw, 300px\" \/><\/a> <a href=\"https:\/\/corcouesurlogne-ecole.fr\/wp-content\/uploads\/2020\/12\/IMG_3893.jpg\"><img loading=\"lazy\" decoding=\"async\" class=\"alignnone size-medium wp-image-7477\" src=\"https:\/\/corcouesurlogne-ecole.fr\/wp-content\/uploads\/2020\/12\/IMG_3893-300x225.jpg\" alt=\"\" width=\"300\" height=\"225\" srcset=\"https:\/\/corcouesurlogne-ecole.fr\/wp-content\/uploads\/2020\/12\/IMG_3893-300x225.jpg 300w, https:\/\/corcouesurlogne-ecole.fr\/wp-content\/uploads\/2020\/12\/IMG_3893.jpg 640w\" sizes=\"(max-width: 300px) 100vw, 300px\" \/><\/a> <a href=\"https:\/\/corcouesurlogne-ecole.fr\/wp-content\/uploads\/2020\/12\/IMG_3890.jpg\"><img loading=\"lazy\" decoding=\"async\" class=\"alignnone size-medium wp-image-7478\" src=\"https:\/\/corcouesurlogne-ecole.fr\/wp-content\/uploads\/2020\/12\/IMG_3890-300x225.jpg\" alt=\"\" width=\"300\" height=\"225\" srcset=\"https:\/\/corcouesurlogne-ecole.fr\/wp-content\/uploads\/2020\/12\/IMG_3890-300x225.jpg 300w, https:\/\/corcouesurlogne-ecole.fr\/wp-content\/uploads\/2020\/12\/IMG_3890.jpg 640w\" sizes=\"(max-width: 300px) 100vw, 300px\" \/><\/a> <a href=\"https:\/\/corcouesurlogne-ecole.fr\/wp-content\/uploads\/2020\/12\/IMG_3889.jpg\"><img loading=\"lazy\" decoding=\"async\" class=\"alignnone size-medium wp-image-7479\" src=\"https:\/\/corcouesurlogne-ecole.fr\/wp-content\/uploads\/2020\/12\/IMG_3889-300x225.jpg\" alt=\"\" width=\"300\" height=\"225\" srcset=\"https:\/\/corcouesurlogne-ecole.fr\/wp-content\/uploads\/2020\/12\/IMG_3889-300x225.jpg 300w, https:\/\/corcouesurlogne-ecole.fr\/wp-content\/uploads\/2020\/12\/IMG_3889.jpg 640w\" sizes=\"(max-width: 300px) 100vw, 300px\" \/><\/a><\/li>\n<\/ul>\n<p>&nbsp;<\/p>\n<p>&nbsp;<\/p>\n<p>&nbsp;<\/p>\n","protected":false},"excerpt":{"rendered":"<p>Un air de No\u00ebl flotte sur l&rsquo;\u00e9cole St Yves&#8230;. Vendredi 4 d\u00e9cembre, la classe de CM1-CM2 a d\u00e9cor\u00e9 les ext\u00e9rieurs de l&rsquo;\u00e9cole. Accrochage de guirlandes aux portails\u00a0 et mise en place des diff\u00e9rentes d\u00e9corations de No\u00ebl dans une ambiance joyeuse ! sympathique moment de partage ! &nbsp; &nbsp; &nbsp;<\/p>\n","protected":false},"author":8,"featured_media":0,"comment_status":"closed","ping_status":"closed","sticky":false,"template":"","format":"standard","meta":{"ngg_post_thumbnail":0,"footnotes":""},"categories":[11],"tags":[],"_links":{"self":[{"href":"https:\/\/corcouesurlogne-ecole.fr\/index.php?rest_route=\/wp\/v2\/posts\/7475"}],"collection":[{"href":"https:\/\/corcouesurlogne-ecole.fr\/index.php?rest_route=\/wp\/v2\/posts"}],"about":[{"href":"https:\/\/corcouesurlogne-ecole.fr\/index.php?rest_route=\/wp\/v2\/types\/post"}],"author":[{"embeddable":true,"href":"https:\/\/corcouesurlogne-ecole.fr\/index.php?rest_route=\/wp\/v2\/users\/8"}],"replies":[{"embeddable":true,"href":"https:\/\/corcouesurlogne-ecole.fr\/index.php?rest_route=%2Fwp%2Fv2%2Fcomments&post=7475"}],"version-history":[{"count":1,"href":"https:\/\/corcouesurlogne-ecole.fr\/index.php?rest_route=\/wp\/v2\/posts\/7475\/revisions"}],"predecessor-version":[{"id":7480,"href":"https:\/\/corcouesurlogne-ecole.fr\/index.php?rest_route=\/wp\/v2\/posts\/7475\/revisions\/7480"}],"wp:attachment":[{"href":"https:\/\/corcouesurlogne-ecole.fr\/index.php?rest_route=%2Fwp%2Fv2%2Fmedia&parent=7475"}],"wp:term":[{"taxonomy":"category","embeddable":true,"href":"https:\/\/corcouesurlogne-ecole.fr\/index.php?rest_route=%2Fwp%2Fv2%2Fcategories&post=7475"},{"taxonomy":"post_tag","embeddable":true,"href":"https:\/\/corcouesurlogne-ecole.fr\/index.php?rest_route=%2Fwp%2Fv2%2Ftags&post=7475"}],"curies":[{"name":"wp","href":"https:\/\/api.w.org\/{rel}","templated":true}]}}