{"id":7445,"date":"2020-12-03T11:44:33","date_gmt":"2020-12-03T10:44:33","guid":{"rendered":"https:\/\/corcouesurlogne-ecole.fr\/?p=7445"},"modified":"2020-12-03T13:30:35","modified_gmt":"2020-12-03T12:30:35","slug":"celebration-de-lavent-3","status":"publish","type":"post","link":"https:\/\/corcouesurlogne-ecole.fr\/?p=7445","title":{"rendered":"C\u00e9l\u00e9bration de l&rsquo;avent"},"content":{"rendered":"<p>Mardi 1er d\u00e9cembre nous avons assist\u00e9 \u00e0 la c\u00e9l\u00e9bration de No\u00ebl avec les classes de CE1 et CM1-CM2 en salle de motricit\u00e9 qui avait \u00e9t\u00e9 d\u00e9cor\u00e9e pour l&rsquo;occasion.<\/p>\n<p>Nous avons chant\u00e9 des chants de No\u00ebl et assist\u00e9 \u00e0 la mise en sc\u00e8ne de la cr\u00e8che vivante par les \u00e9l\u00e8ves de CM. C&rsquo;\u00e9tait un beau moment de partage.<\/p>\n<p>A la fin de la c\u00e9l\u00e9bration nous avons d\u00e9pos\u00e9 nos bergers pr\u00e8s de la cr\u00e8che ainsi que nos cartes de voeux r\u00e9alis\u00e9es pour les r\u00e9sidents de l\u2019H\u00f4pital Bel Air de Corcou\u00e9 sur Logne.<\/p>\n<p>Avant de partir, nous avons eu comme cadeau un calendrier de l&rsquo;avent pour la classe. Nous allons pouvoir l&rsquo;ouvrir ensemble chaque matin.<\/p>\n<p>&nbsp;<\/p>\n<p><a href=\"https:\/\/corcouesurlogne-ecole.fr\/wp-content\/uploads\/2020\/12\/20201201_115107-scaled.jpg\"><img loading=\"lazy\" decoding=\"async\" class=\"alignnone size-medium wp-image-7446\" src=\"https:\/\/corcouesurlogne-ecole.fr\/wp-content\/uploads\/2020\/12\/20201201_115107-300x225.jpg\" alt=\"\" width=\"300\" height=\"225\" srcset=\"https:\/\/corcouesurlogne-ecole.fr\/wp-content\/uploads\/2020\/12\/20201201_115107-300x225.jpg 300w, https:\/\/corcouesurlogne-ecole.fr\/wp-content\/uploads\/2020\/12\/20201201_115107-1024x768.jpg 1024w, https:\/\/corcouesurlogne-ecole.fr\/wp-content\/uploads\/2020\/12\/20201201_115107-768x576.jpg 768w, https:\/\/corcouesurlogne-ecole.fr\/wp-content\/uploads\/2020\/12\/20201201_115107-1536x1152.jpg 1536w, https:\/\/corcouesurlogne-ecole.fr\/wp-content\/uploads\/2020\/12\/20201201_115107-2048x1536.jpg 2048w\" sizes=\"(max-width: 300px) 100vw, 300px\" \/><\/a><a href=\"https:\/\/corcouesurlogne-ecole.fr\/wp-content\/uploads\/2020\/12\/20201201_120840-scaled.jpg\"><img loading=\"lazy\" decoding=\"async\" class=\"alignnone size-medium wp-image-7447\" src=\"https:\/\/corcouesurlogne-ecole.fr\/wp-content\/uploads\/2020\/12\/20201201_120840-300x225.jpg\" alt=\"\" width=\"300\" height=\"225\" srcset=\"https:\/\/corcouesurlogne-ecole.fr\/wp-content\/uploads\/2020\/12\/20201201_120840-300x225.jpg 300w, https:\/\/corcouesurlogne-ecole.fr\/wp-content\/uploads\/2020\/12\/20201201_120840-1024x768.jpg 1024w, https:\/\/corcouesurlogne-ecole.fr\/wp-content\/uploads\/2020\/12\/20201201_120840-768x576.jpg 768w, https:\/\/corcouesurlogne-ecole.fr\/wp-content\/uploads\/2020\/12\/20201201_120840-1536x1152.jpg 1536w, https:\/\/corcouesurlogne-ecole.fr\/wp-content\/uploads\/2020\/12\/20201201_120840-2048x1536.jpg 2048w\" sizes=\"(max-width: 300px) 100vw, 300px\" \/><\/a><a href=\"https:\/\/corcouesurlogne-ecole.fr\/wp-content\/uploads\/2020\/12\/20201203_094746-scaled-e1606991736137.jpg\"><img loading=\"lazy\" decoding=\"async\" class=\"alignnone wp-image-7448 size-medium\" src=\"https:\/\/corcouesurlogne-ecole.fr\/wp-content\/uploads\/2020\/12\/20201203_094746-scaled-e1606991736137-186x300.jpg\" alt=\"\" width=\"186\" height=\"300\" srcset=\"https:\/\/corcouesurlogne-ecole.fr\/wp-content\/uploads\/2020\/12\/20201203_094746-scaled-e1606991736137-186x300.jpg 186w, https:\/\/corcouesurlogne-ecole.fr\/wp-content\/uploads\/2020\/12\/20201203_094746-scaled-e1606991736137-637x1024.jpg 637w, https:\/\/corcouesurlogne-ecole.fr\/wp-content\/uploads\/2020\/12\/20201203_094746-scaled-e1606991736137-768x1235.jpg 768w, https:\/\/corcouesurlogne-ecole.fr\/wp-content\/uploads\/2020\/12\/20201203_094746-scaled-e1606991736137-955x1536.jpg 955w, https:\/\/corcouesurlogne-ecole.fr\/wp-content\/uploads\/2020\/12\/20201203_094746-scaled-e1606991736137-1273x2048.jpg 1273w, https:\/\/corcouesurlogne-ecole.fr\/wp-content\/uploads\/2020\/12\/20201203_094746-scaled-e1606991736137.jpg 1408w\" sizes=\"(max-width: 186px) 100vw, 186px\" \/><\/a><\/p>\n","protected":false},"excerpt":{"rendered":"<p>Mardi 1er d\u00e9cembre nous avons assist\u00e9 \u00e0 la c\u00e9l\u00e9bration de No\u00ebl avec les classes de CE1 et CM1-CM2 en salle de motricit\u00e9 qui avait \u00e9t\u00e9 d\u00e9cor\u00e9e pour l&rsquo;occasion. Nous avons chant\u00e9 des chants de No\u00ebl et assist\u00e9 \u00e0 la mise en sc\u00e8ne de la cr\u00e8che vivante par les \u00e9l\u00e8ves de CM. C&rsquo;\u00e9tait un beau moment<\/p>\n<p><a href=\"https:\/\/corcouesurlogne-ecole.fr\/?p=7445\" class=\"more-link themebutton\">Lire la suite<\/a><\/p>\n","protected":false},"author":6,"featured_media":0,"comment_status":"closed","ping_status":"closed","sticky":false,"template":"","format":"standard","meta":{"ngg_post_thumbnail":0,"footnotes":""},"categories":[24,10],"tags":[],"_links":{"self":[{"href":"https:\/\/corcouesurlogne-ecole.fr\/index.php?rest_route=\/wp\/v2\/posts\/7445"}],"collection":[{"href":"https:\/\/corcouesurlogne-ecole.fr\/index.php?rest_route=\/wp\/v2\/posts"}],"about":[{"href":"https:\/\/corcouesurlogne-ecole.fr\/index.php?rest_route=\/wp\/v2\/types\/post"}],"author":[{"embeddable":true,"href":"https:\/\/corcouesurlogne-ecole.fr\/index.php?rest_route=\/wp\/v2\/users\/6"}],"replies":[{"embeddable":true,"href":"https:\/\/corcouesurlogne-ecole.fr\/index.php?rest_route=%2Fwp%2Fv2%2Fcomments&post=7445"}],"version-history":[{"count":2,"href":"https:\/\/corcouesurlogne-ecole.fr\/index.php?rest_route=\/wp\/v2\/posts\/7445\/revisions"}],"predecessor-version":[{"id":7450,"href":"https:\/\/corcouesurlogne-ecole.fr\/index.php?rest_route=\/wp\/v2\/posts\/7445\/revisions\/7450"}],"wp:attachment":[{"href":"https:\/\/corcouesurlogne-ecole.fr\/index.php?rest_route=%2Fwp%2Fv2%2Fmedia&parent=7445"}],"wp:term":[{"taxonomy":"category","embeddable":true,"href":"https:\/\/corcouesurlogne-ecole.fr\/index.php?rest_route=%2Fwp%2Fv2%2Fcategories&post=7445"},{"taxonomy":"post_tag","embeddable":true,"href":"https:\/\/corcouesurlogne-ecole.fr\/index.php?rest_route=%2Fwp%2Fv2%2Ftags&post=7445"}],"curies":[{"name":"wp","href":"https:\/\/api.w.org\/{rel}","templated":true}]}}