{"id":6938,"date":"2020-02-29T12:20:11","date_gmt":"2020-02-29T11:20:11","guid":{"rendered":"https:\/\/corcouesurlogne-ecole.fr\/?p=6938"},"modified":"2020-02-29T12:20:11","modified_gmt":"2020-02-29T11:20:11","slug":"ouverture-du-restaurant-scolaire-municipal","status":"publish","type":"post","link":"https:\/\/corcouesurlogne-ecole.fr\/?p=6938","title":{"rendered":"Ouverture du restaurant scolaire municipal"},"content":{"rendered":"<p>Le restaurant scolaire municipal ouvre ses portes ce lundi 2 mars.<\/p>\n<p>Les \u00e9l\u00e8ves maternelle vont \u00eatre accueillis d\u00e8s 12h15 dans un bel espace comprenant un mobilier adapt\u00e9 \u00e0 leur \u00e2ge.<\/p>\n<div id=\"attachment_6935\" style=\"width: 235px\" class=\"wp-caption aligncenter\"><a href=\"https:\/\/corcouesurlogne-ecole.fr\/wp-content\/uploads\/2020\/02\/IMG_0018-rotated.jpg\"><img loading=\"lazy\" decoding=\"async\" aria-describedby=\"caption-attachment-6935\" class=\"size-medium wp-image-6935\" src=\"https:\/\/corcouesurlogne-ecole.fr\/wp-content\/uploads\/2020\/02\/IMG_0018-225x300.jpg\" alt=\"\" width=\"225\" height=\"300\" srcset=\"https:\/\/corcouesurlogne-ecole.fr\/wp-content\/uploads\/2020\/02\/IMG_0018-225x300.jpg 225w, https:\/\/corcouesurlogne-ecole.fr\/wp-content\/uploads\/2020\/02\/IMG_0018-rotated.jpg 240w\" sizes=\"(max-width: 225px) 100vw, 225px\" \/><\/a><p id=\"caption-attachment-6935\" class=\"wp-caption-text\">L&rsquo;espace restauration des maternelles<\/p><\/div>\n<p>Les \u00e9l\u00e8ves \u00e9l\u00e9mentaires vont d\u00e9couvrir un self-service et vont devoir faire preuve d&rsquo;autonomie : prendre un plateau, les couverts, l&rsquo;entr\u00e9e, le dessert, le plat, choisir une place \u00e0 table, d\u00e9barrasser le plateau&#8230;&#8230;<\/p>\n<div id=\"attachment_6934\" style=\"width: 235px\" class=\"wp-caption alignleft\"><a href=\"https:\/\/corcouesurlogne-ecole.fr\/wp-content\/uploads\/2020\/02\/IMG_0017-rotated.jpg\"><img loading=\"lazy\" decoding=\"async\" aria-describedby=\"caption-attachment-6934\" class=\"size-medium wp-image-6934\" src=\"https:\/\/corcouesurlogne-ecole.fr\/wp-content\/uploads\/2020\/02\/IMG_0017-225x300.jpg\" alt=\"\" width=\"225\" height=\"300\" srcset=\"https:\/\/corcouesurlogne-ecole.fr\/wp-content\/uploads\/2020\/02\/IMG_0017-225x300.jpg 225w, https:\/\/corcouesurlogne-ecole.fr\/wp-content\/uploads\/2020\/02\/IMG_0017-rotated.jpg 240w\" sizes=\"(max-width: 225px) 100vw, 225px\" \/><\/a><p id=\"caption-attachment-6934\" class=\"wp-caption-text\">Prendre en charge son plateau<\/p><\/div>\n<div id=\"attachment_6936\" style=\"width: 235px\" class=\"wp-caption aligncenter\"><a href=\"https:\/\/corcouesurlogne-ecole.fr\/wp-content\/uploads\/2020\/02\/IMG_0019-rotated.jpg\"><img loading=\"lazy\" decoding=\"async\" aria-describedby=\"caption-attachment-6936\" class=\"size-medium wp-image-6936\" src=\"https:\/\/corcouesurlogne-ecole.fr\/wp-content\/uploads\/2020\/02\/IMG_0019-225x300.jpg\" alt=\"\" width=\"225\" height=\"300\" srcset=\"https:\/\/corcouesurlogne-ecole.fr\/wp-content\/uploads\/2020\/02\/IMG_0019-225x300.jpg 225w, https:\/\/corcouesurlogne-ecole.fr\/wp-content\/uploads\/2020\/02\/IMG_0019-rotated.jpg 240w\" sizes=\"(max-width: 225px) 100vw, 225px\" \/><\/a><p id=\"caption-attachment-6936\" class=\"wp-caption-text\">L&rsquo;espace repas<\/p><\/div>\n<div id=\"attachment_6937\" style=\"width: 235px\" class=\"wp-caption alignright\"><a href=\"https:\/\/corcouesurlogne-ecole.fr\/wp-content\/uploads\/2020\/02\/IMG_0020-rotated.jpg\"><img loading=\"lazy\" decoding=\"async\" aria-describedby=\"caption-attachment-6937\" class=\"size-medium wp-image-6937\" src=\"https:\/\/corcouesurlogne-ecole.fr\/wp-content\/uploads\/2020\/02\/IMG_0020-225x300.jpg\" alt=\"\" width=\"225\" height=\"300\" srcset=\"https:\/\/corcouesurlogne-ecole.fr\/wp-content\/uploads\/2020\/02\/IMG_0020-225x300.jpg 225w, https:\/\/corcouesurlogne-ecole.fr\/wp-content\/uploads\/2020\/02\/IMG_0020-rotated.jpg 240w\" sizes=\"(max-width: 225px) 100vw, 225px\" \/><\/a><p id=\"caption-attachment-6937\" class=\"wp-caption-text\">D\u00e9barrasser son plateau<\/p><\/div>\n<p>Un roulement de 3 services est organis\u00e9 : les CP\/CE1 d\u00e8s 12h15<\/p>\n<p>&nbsp;&nbsp;&nbsp;&nbsp;&nbsp;&nbsp;&nbsp;&nbsp;&nbsp;&nbsp;&nbsp;&nbsp;&nbsp;&nbsp;&nbsp;&nbsp;&nbsp;&nbsp;&nbsp;&nbsp;&nbsp;&nbsp;&nbsp;&nbsp;&nbsp;&nbsp;&nbsp;&nbsp;&nbsp;&nbsp;&nbsp;&nbsp;&nbsp;&nbsp;&nbsp;&nbsp;&nbsp;&nbsp;&nbsp;&nbsp;&nbsp;&nbsp;&nbsp;&nbsp;&nbsp;&nbsp;&nbsp;&nbsp;&nbsp;&nbsp;&nbsp;&nbsp;&nbsp;&nbsp;&nbsp;&nbsp;&nbsp;&nbsp;&nbsp;&nbsp;&nbsp;&nbsp;&nbsp;&nbsp;&nbsp;&nbsp;&nbsp;&nbsp;&nbsp;&nbsp;&nbsp;&nbsp;&nbsp;&nbsp;&nbsp; les CE2\/CM1 \u00e0 12h40<\/p>\n<p>&nbsp;&nbsp;&nbsp;&nbsp;&nbsp;&nbsp;&nbsp;&nbsp;&nbsp;&nbsp;&nbsp;&nbsp;&nbsp;&nbsp;&nbsp;&nbsp;&nbsp;&nbsp;&nbsp;&nbsp;&nbsp;&nbsp;&nbsp;&nbsp;&nbsp;&nbsp;&nbsp;&nbsp;&nbsp;&nbsp;&nbsp;&nbsp;&nbsp;&nbsp;&nbsp;&nbsp;&nbsp;&nbsp;&nbsp;&nbsp;&nbsp;&nbsp;&nbsp;&nbsp;&nbsp;&nbsp;&nbsp;&nbsp;&nbsp;&nbsp;&nbsp;&nbsp;&nbsp;&nbsp;&nbsp;&nbsp;&nbsp;&nbsp;&nbsp;&nbsp;&nbsp;&nbsp;&nbsp;&nbsp;&nbsp;&nbsp;&nbsp;&nbsp;&nbsp;&nbsp;&nbsp;&nbsp;&nbsp;&nbsp;&nbsp; les CM2 \u00e0 13h00.<\/p>\n<p>Trois personnels&nbsp; communaux sont pr\u00e9vus pour assurer la surveillance des d\u00e9placements : une personne au portail de l&rsquo;\u00e9cole, une autre sur le chemin de l&rsquo;\u00e9cole au restaurant et une troisi\u00e8me au portail du restaurant.<\/p>\n<p>Mme Airaiu Chrystelle est en charge de la surveillance de la cour de r\u00e9cr\u00e9ation. Le planning des jeux de cour a \u00e9t\u00e9 modifi\u00e9 en fonction de cette organisation et sera pr\u00e9sent\u00e9 lundi matin aux \u00e9l\u00e8ves.<\/p>\n<p>Une r\u00e9union est pr\u00e9vue une semaine plus tard avec les services communaux afin de faire le bilan de cette organisation et pr\u00e9voir des r\u00e9ajustements si n\u00e9cessaire.<\/p>\n<p>&nbsp;<\/p>\n<p>&nbsp;<\/p>\n<p>&nbsp;<\/p>\n","protected":false},"excerpt":{"rendered":"<p>Le restaurant scolaire municipal ouvre ses portes ce lundi 2 mars. Les \u00e9l\u00e8ves maternelle vont \u00eatre accueillis d\u00e8s 12h15 dans un bel espace comprenant un mobilier adapt\u00e9 \u00e0 leur \u00e2ge. Les \u00e9l\u00e8ves \u00e9l\u00e9mentaires vont d\u00e9couvrir un self-service et vont devoir faire preuve d&rsquo;autonomie : prendre un plateau, les couverts, l&rsquo;entr\u00e9e, le dessert, le plat, choisir<\/p>\n<p><a href=\"https:\/\/corcouesurlogne-ecole.fr\/?p=6938\" class=\"more-link themebutton\">Lire la suite<\/a><\/p>\n","protected":false},"author":1,"featured_media":6936,"comment_status":"closed","ping_status":"closed","sticky":false,"template":"","format":"standard","meta":{"ngg_post_thumbnail":0,"footnotes":""},"categories":[9,11,10,7,6],"tags":[],"_links":{"self":[{"href":"https:\/\/corcouesurlogne-ecole.fr\/index.php?rest_route=\/wp\/v2\/posts\/6938"}],"collection":[{"href":"https:\/\/corcouesurlogne-ecole.fr\/index.php?rest_route=\/wp\/v2\/posts"}],"about":[{"href":"https:\/\/corcouesurlogne-ecole.fr\/index.php?rest_route=\/wp\/v2\/types\/post"}],"author":[{"embeddable":true,"href":"https:\/\/corcouesurlogne-ecole.fr\/index.php?rest_route=\/wp\/v2\/users\/1"}],"replies":[{"embeddable":true,"href":"https:\/\/corcouesurlogne-ecole.fr\/index.php?rest_route=%2Fwp%2Fv2%2Fcomments&post=6938"}],"version-history":[{"count":1,"href":"https:\/\/corcouesurlogne-ecole.fr\/index.php?rest_route=\/wp\/v2\/posts\/6938\/revisions"}],"predecessor-version":[{"id":6939,"href":"https:\/\/corcouesurlogne-ecole.fr\/index.php?rest_route=\/wp\/v2\/posts\/6938\/revisions\/6939"}],"wp:featuredmedia":[{"embeddable":true,"href":"https:\/\/corcouesurlogne-ecole.fr\/index.php?rest_route=\/wp\/v2\/media\/6936"}],"wp:attachment":[{"href":"https:\/\/corcouesurlogne-ecole.fr\/index.php?rest_route=%2Fwp%2Fv2%2Fmedia&parent=6938"}],"wp:term":[{"taxonomy":"category","embeddable":true,"href":"https:\/\/corcouesurlogne-ecole.fr\/index.php?rest_route=%2Fwp%2Fv2%2Fcategories&post=6938"},{"taxonomy":"post_tag","embeddable":true,"href":"https:\/\/corcouesurlogne-ecole.fr\/index.php?rest_route=%2Fwp%2Fv2%2Ftags&post=6938"}],"curies":[{"name":"wp","href":"https:\/\/api.w.org\/{rel}","templated":true}]}}