{"id":6873,"date":"2020-02-02T17:36:15","date_gmt":"2020-02-02T16:36:15","guid":{"rendered":"https:\/\/corcouesurlogne-ecole.fr\/?p=6873"},"modified":"2020-02-02T17:36:15","modified_gmt":"2020-02-02T16:36:15","slug":"avis-de-recherche","status":"publish","type":"post","link":"https:\/\/corcouesurlogne-ecole.fr\/?p=6873","title":{"rendered":"AVIS DE RECHERCHE"},"content":{"rendered":"<p>Nous avons pour projet une expo photos sur notre \u00e9cole.<\/p>\n<p>Pour cela nous avons besoin d\u2019anciennes photos ou de vieux documents relatifs \u00e0 l\u2019\u00e9cole St Yves. Nous faisons appel \u00e0 vous tous pour nous pr\u00eater des photos de classes, de kermesses\u2026 remontant jusqu\u2019\u00e0 1950.<\/p>\n<p>Date butoir avril 2020. Merci d\u2019avance pour votre collaboration&nbsp;!<\/p>\n<p><em>Contact<\/em>&nbsp;: Ang\u00e9lique Baty 06 60 82 58 14 \u2013 <a href=\"mailto:ag.angelik@hotmail.fr\">ag.angelik@hotmail.fr<\/a><\/p>\n<p>&nbsp;&nbsp;&nbsp;&nbsp;&nbsp;&nbsp;&nbsp;&nbsp;&nbsp;&nbsp;&nbsp;&nbsp;&nbsp;&nbsp;&nbsp; C\u00e9cile Bretagne&nbsp;<\/p>\n","protected":false},"excerpt":{"rendered":"<p>Nous avons pour projet une expo photos sur notre \u00e9cole. Pour cela nous avons besoin d\u2019anciennes photos ou de vieux documents relatifs \u00e0 l\u2019\u00e9cole St Yves. Nous faisons appel \u00e0 vous tous pour nous pr\u00eater des photos de classes, de kermesses\u2026 remontant jusqu\u2019\u00e0 1950. Date butoir avril 2020. Merci d\u2019avance pour votre collaboration&nbsp;! Contact&nbsp;: Ang\u00e9lique<\/p>\n<p><a href=\"https:\/\/corcouesurlogne-ecole.fr\/?p=6873\" class=\"more-link themebutton\">Lire la suite<\/a><\/p>\n","protected":false},"author":1,"featured_media":0,"comment_status":"closed","ping_status":"closed","sticky":false,"template":"","format":"standard","meta":{"ngg_post_thumbnail":0,"footnotes":""},"categories":[17],"tags":[],"_links":{"self":[{"href":"https:\/\/corcouesurlogne-ecole.fr\/index.php?rest_route=\/wp\/v2\/posts\/6873"}],"collection":[{"href":"https:\/\/corcouesurlogne-ecole.fr\/index.php?rest_route=\/wp\/v2\/posts"}],"about":[{"href":"https:\/\/corcouesurlogne-ecole.fr\/index.php?rest_route=\/wp\/v2\/types\/post"}],"author":[{"embeddable":true,"href":"https:\/\/corcouesurlogne-ecole.fr\/index.php?rest_route=\/wp\/v2\/users\/1"}],"replies":[{"embeddable":true,"href":"https:\/\/corcouesurlogne-ecole.fr\/index.php?rest_route=%2Fwp%2Fv2%2Fcomments&post=6873"}],"version-history":[{"count":1,"href":"https:\/\/corcouesurlogne-ecole.fr\/index.php?rest_route=\/wp\/v2\/posts\/6873\/revisions"}],"predecessor-version":[{"id":6874,"href":"https:\/\/corcouesurlogne-ecole.fr\/index.php?rest_route=\/wp\/v2\/posts\/6873\/revisions\/6874"}],"wp:attachment":[{"href":"https:\/\/corcouesurlogne-ecole.fr\/index.php?rest_route=%2Fwp%2Fv2%2Fmedia&parent=6873"}],"wp:term":[{"taxonomy":"category","embeddable":true,"href":"https:\/\/corcouesurlogne-ecole.fr\/index.php?rest_route=%2Fwp%2Fv2%2Fcategories&post=6873"},{"taxonomy":"post_tag","embeddable":true,"href":"https:\/\/corcouesurlogne-ecole.fr\/index.php?rest_route=%2Fwp%2Fv2%2Ftags&post=6873"}],"curies":[{"name":"wp","href":"https:\/\/api.w.org\/{rel}","templated":true}]}}