{"id":6820,"date":"2019-12-18T18:37:26","date_gmt":"2019-12-18T17:37:26","guid":{"rendered":"https:\/\/corcouesurlogne-ecole.fr\/?p=6820"},"modified":"2019-12-18T18:43:21","modified_gmt":"2019-12-18T17:43:21","slug":"soiree-en-chanson","status":"publish","type":"post","link":"https:\/\/corcouesurlogne-ecole.fr\/?p=6820","title":{"rendered":"Soir\u00e9e en chanson"},"content":{"rendered":"<p>&nbsp;<\/p>\n<p>Le programme d\u2019\u00e9ducation artistique \u00abMusique et Danse \u00e0 l\u2019\u00e9cole \u00bb s\u2019adresse aux classes \u00e9l\u00e9mentaires des communes rurales de Loire-Atlantique. Il vise \u00e0 favoriser l\u2019acc\u00e8s de tous les enfants \u00e0 une \u00e9ducation artistique et culturelle de qualit\u00e9. en partenariat \u00e9troit avec les enseignants et en liaison avec les projets de classe.<\/p>\n<p>Le lundi 16 novembre , les \u00e9l\u00e8ves se sont retrouv\u00e9s dans la salle des Boutons d&rsquo;Art \u00e0 Rocheservi\u00e8re pour interpr\u00e9ter des chants de No\u00ebl et d&rsquo;hiver.<\/p>\n<p>Genevi\u00e8ve , professeur de musique, est venue \u00e0 l&rsquo;\u00e9cole pendant plusieurs semaines leur apprendre les diff\u00e9rents chants et travailler avec eux le rythme, la justesse, la posture.<\/p>\n<p>Le public tr\u00e8s attentif a pu appr\u00e9cier un spectacle vocal de qualit\u00e9.<\/p>\n<p>Bravo les artistes !<\/p>\n\n<p>&nbsp;<\/p>\n","protected":false},"excerpt":{"rendered":"<p>&nbsp; Le programme d\u2019\u00e9ducation artistique \u00abMusique et Danse \u00e0 l\u2019\u00e9cole \u00bb s\u2019adresse aux classes \u00e9l\u00e9mentaires des communes rurales de Loire-Atlantique. Il vise \u00e0 favoriser l\u2019acc\u00e8s de tous les enfants \u00e0 une \u00e9ducation artistique et culturelle de qualit\u00e9. en partenariat \u00e9troit avec les enseignants et en liaison avec les projets de classe. Le lundi 16 novembre<\/p>\n<p><a href=\"https:\/\/corcouesurlogne-ecole.fr\/?p=6820\" class=\"more-link themebutton\">Lire la suite<\/a><\/p>\n","protected":false},"author":1,"featured_media":6824,"comment_status":"closed","ping_status":"closed","sticky":false,"template":"","format":"standard","meta":{"ngg_post_thumbnail":0,"footnotes":""},"categories":[9,11,10,7,6],"tags":[],"_links":{"self":[{"href":"https:\/\/corcouesurlogne-ecole.fr\/index.php?rest_route=\/wp\/v2\/posts\/6820"}],"collection":[{"href":"https:\/\/corcouesurlogne-ecole.fr\/index.php?rest_route=\/wp\/v2\/posts"}],"about":[{"href":"https:\/\/corcouesurlogne-ecole.fr\/index.php?rest_route=\/wp\/v2\/types\/post"}],"author":[{"embeddable":true,"href":"https:\/\/corcouesurlogne-ecole.fr\/index.php?rest_route=\/wp\/v2\/users\/1"}],"replies":[{"embeddable":true,"href":"https:\/\/corcouesurlogne-ecole.fr\/index.php?rest_route=%2Fwp%2Fv2%2Fcomments&post=6820"}],"version-history":[{"count":1,"href":"https:\/\/corcouesurlogne-ecole.fr\/index.php?rest_route=\/wp\/v2\/posts\/6820\/revisions"}],"predecessor-version":[{"id":6822,"href":"https:\/\/corcouesurlogne-ecole.fr\/index.php?rest_route=\/wp\/v2\/posts\/6820\/revisions\/6822"}],"wp:featuredmedia":[{"embeddable":true,"href":"https:\/\/corcouesurlogne-ecole.fr\/index.php?rest_route=\/wp\/v2\/media\/6824"}],"wp:attachment":[{"href":"https:\/\/corcouesurlogne-ecole.fr\/index.php?rest_route=%2Fwp%2Fv2%2Fmedia&parent=6820"}],"wp:term":[{"taxonomy":"category","embeddable":true,"href":"https:\/\/corcouesurlogne-ecole.fr\/index.php?rest_route=%2Fwp%2Fv2%2Fcategories&post=6820"},{"taxonomy":"post_tag","embeddable":true,"href":"https:\/\/corcouesurlogne-ecole.fr\/index.php?rest_route=%2Fwp%2Fv2%2Ftags&post=6820"}],"curies":[{"name":"wp","href":"https:\/\/api.w.org\/{rel}","templated":true}]}}