{"id":6511,"date":"2019-05-10T08:14:17","date_gmt":"2019-05-10T07:14:17","guid":{"rendered":"https:\/\/corcouesurlogne-ecole.fr\/?p=6511"},"modified":"2019-05-10T08:14:17","modified_gmt":"2019-05-10T07:14:17","slug":"pique-nique-force","status":"publish","type":"post","link":"https:\/\/corcouesurlogne-ecole.fr\/?p=6511","title":{"rendered":"Pique nique forc\u00e9!"},"content":{"rendered":"<p>Ce jeudi 9 mai, le p\u00e9riscolaire et la cantine sont ferm\u00e9s \u00e0 cause d&rsquo;un mouvement de gr\u00e8ve.<\/p>\n<p>Nous avons organis\u00e9 un accueil garderie le matin et le soir et mang\u00e9 un pique-nique le midi.<\/p>\n<p>Un grand merci aux parents qui sont venus nous aider.<\/p>\n<p><a href=\"https:\/\/corcouesurlogne-ecole.fr\/wp-content\/uploads\/2019\/05\/DSC01578.jpg\"><img loading=\"lazy\" decoding=\"async\" class=\"size-medium wp-image-6512 alignleft\" src=\"https:\/\/corcouesurlogne-ecole.fr\/wp-content\/uploads\/2019\/05\/DSC01578-300x225.jpg\" alt=\"\" width=\"300\" height=\"225\" srcset=\"https:\/\/corcouesurlogne-ecole.fr\/wp-content\/uploads\/2019\/05\/DSC01578-300x225.jpg 300w, https:\/\/corcouesurlogne-ecole.fr\/wp-content\/uploads\/2019\/05\/DSC01578-768x576.jpg 768w, https:\/\/corcouesurlogne-ecole.fr\/wp-content\/uploads\/2019\/05\/DSC01578-1024x768.jpg 1024w\" sizes=\"(max-width: 300px) 100vw, 300px\" \/><\/a> <a href=\"https:\/\/corcouesurlogne-ecole.fr\/wp-content\/uploads\/2019\/05\/DSC01579.jpg\"><img loading=\"lazy\" decoding=\"async\" class=\"aligncenter size-medium wp-image-6513\" src=\"https:\/\/corcouesurlogne-ecole.fr\/wp-content\/uploads\/2019\/05\/DSC01579-300x225.jpg\" alt=\"\" width=\"300\" height=\"225\" srcset=\"https:\/\/corcouesurlogne-ecole.fr\/wp-content\/uploads\/2019\/05\/DSC01579-300x225.jpg 300w, https:\/\/corcouesurlogne-ecole.fr\/wp-content\/uploads\/2019\/05\/DSC01579-768x576.jpg 768w, https:\/\/corcouesurlogne-ecole.fr\/wp-content\/uploads\/2019\/05\/DSC01579-1024x768.jpg 1024w\" sizes=\"(max-width: 300px) 100vw, 300px\" \/><\/a> <a href=\"https:\/\/corcouesurlogne-ecole.fr\/wp-content\/uploads\/2019\/05\/DSC01580.jpg\"><img loading=\"lazy\" decoding=\"async\" class=\"aligncenter size-medium wp-image-6514\" src=\"https:\/\/corcouesurlogne-ecole.fr\/wp-content\/uploads\/2019\/05\/DSC01580-300x225.jpg\" alt=\"\" width=\"300\" height=\"225\" srcset=\"https:\/\/corcouesurlogne-ecole.fr\/wp-content\/uploads\/2019\/05\/DSC01580-300x225.jpg 300w, https:\/\/corcouesurlogne-ecole.fr\/wp-content\/uploads\/2019\/05\/DSC01580-768x576.jpg 768w, https:\/\/corcouesurlogne-ecole.fr\/wp-content\/uploads\/2019\/05\/DSC01580-1024x768.jpg 1024w\" sizes=\"(max-width: 300px) 100vw, 300px\" \/><\/a><\/p>\n","protected":false},"excerpt":{"rendered":"<p>Ce jeudi 9 mai, le p\u00e9riscolaire et la cantine sont ferm\u00e9s \u00e0 cause d&rsquo;un mouvement de gr\u00e8ve. Nous avons organis\u00e9 un accueil garderie le matin et le soir et mang\u00e9 un pique-nique le midi. Un grand merci aux parents qui sont venus nous aider.<\/p>\n","protected":false},"author":1,"featured_media":0,"comment_status":"closed","ping_status":"closed","sticky":false,"template":"","format":"standard","meta":{"ngg_post_thumbnail":0,"footnotes":""},"categories":[9,11,10,7,6],"tags":[],"_links":{"self":[{"href":"https:\/\/corcouesurlogne-ecole.fr\/index.php?rest_route=\/wp\/v2\/posts\/6511"}],"collection":[{"href":"https:\/\/corcouesurlogne-ecole.fr\/index.php?rest_route=\/wp\/v2\/posts"}],"about":[{"href":"https:\/\/corcouesurlogne-ecole.fr\/index.php?rest_route=\/wp\/v2\/types\/post"}],"author":[{"embeddable":true,"href":"https:\/\/corcouesurlogne-ecole.fr\/index.php?rest_route=\/wp\/v2\/users\/1"}],"replies":[{"embeddable":true,"href":"https:\/\/corcouesurlogne-ecole.fr\/index.php?rest_route=%2Fwp%2Fv2%2Fcomments&post=6511"}],"version-history":[{"count":1,"href":"https:\/\/corcouesurlogne-ecole.fr\/index.php?rest_route=\/wp\/v2\/posts\/6511\/revisions"}],"predecessor-version":[{"id":6515,"href":"https:\/\/corcouesurlogne-ecole.fr\/index.php?rest_route=\/wp\/v2\/posts\/6511\/revisions\/6515"}],"wp:attachment":[{"href":"https:\/\/corcouesurlogne-ecole.fr\/index.php?rest_route=%2Fwp%2Fv2%2Fmedia&parent=6511"}],"wp:term":[{"taxonomy":"category","embeddable":true,"href":"https:\/\/corcouesurlogne-ecole.fr\/index.php?rest_route=%2Fwp%2Fv2%2Fcategories&post=6511"},{"taxonomy":"post_tag","embeddable":true,"href":"https:\/\/corcouesurlogne-ecole.fr\/index.php?rest_route=%2Fwp%2Fv2%2Ftags&post=6511"}],"curies":[{"name":"wp","href":"https:\/\/api.w.org\/{rel}","templated":true}]}}