{"id":6497,"date":"2019-05-10T08:09:26","date_gmt":"2019-05-10T07:09:26","guid":{"rendered":"https:\/\/corcouesurlogne-ecole.fr\/?p=6497"},"modified":"2019-05-10T08:09:26","modified_gmt":"2019-05-10T07:09:26","slug":"gs-creation-dun-poeme","status":"publish","type":"post","link":"https:\/\/corcouesurlogne-ecole.fr\/?p=6497","title":{"rendered":"GS : cr\u00e9ation d&rsquo;un po\u00e8me."},"content":{"rendered":"<p>Dans le cadre d&rsquo;un projet d&rsquo;\u00e9criture collectif&nbsp; sur le printemps, nous avons en amont regard\u00e9 des photos, observ\u00e9 les modifications de la nature, explicit\u00e9 le vocabulaire caract\u00e9ristique de cette saison.<\/p>\n<p>Nous avons \u00e9cout\u00e9 des po\u00e8mes parlant du printemps.<\/p>\n<p>Puis, nous nous sommes mis dans la peau du po\u00e8te pour \u00e9crire notre po\u00e8me. Nous nous sommes servi des 5 sens comme fil conducteur.<\/p>\n<pre>Voici notre \"essai\" que nous avons tap\u00e9 directement par deux (l'un dit les lettres, l'autre tape sur le clavier) sur le blog de la classe.\r\n\r\nAujourd'hui, le printemps.\r\n\r\n<\/pre>\n<pre>Ce matin, j'ai vu une abeille\r\nQui butinait une p\u00e2querette\r\nCe matin, j'ai entendu le coucou\r\nChanter \" coucou, coucou !\"\r\nCe matin, j'ai touch\u00e9 une marguerite\r\nQui se balan\u00e7ait au gr\u00e9 du vent\r\nCe matin, j'ai senti l' odeur\r\nD'un tapis de violettes.\r\nCe matin, j'ai go\u00fbt\u00e9 des fraises\r\nAu milieu du potager.\r\n\r\n&nbsp;&nbsp;&nbsp;&nbsp;&nbsp;&nbsp;&nbsp;&nbsp;&nbsp;&nbsp;&nbsp;&nbsp; A\u00efwenn, Lanan, Louise, Lys\u00e9a, M\u00e9lissa, Sacha, Ta\u00efnna, Mathys, Quentin.<\/pre>\n<p>&nbsp;<\/p>\n","protected":false},"excerpt":{"rendered":"<p>Dans le cadre d&rsquo;un projet d&rsquo;\u00e9criture collectif&nbsp; sur le printemps, nous avons en amont regard\u00e9 des photos, observ\u00e9 les modifications de la nature, explicit\u00e9 le vocabulaire caract\u00e9ristique de cette saison. Nous avons \u00e9cout\u00e9 des po\u00e8mes parlant du printemps. Puis, nous nous sommes mis dans la peau du po\u00e8te pour \u00e9crire notre po\u00e8me. Nous nous sommes<\/p>\n<p><a href=\"https:\/\/corcouesurlogne-ecole.fr\/?p=6497\" class=\"more-link themebutton\">Lire la suite<\/a><\/p>\n","protected":false},"author":1,"featured_media":6510,"comment_status":"closed","ping_status":"closed","sticky":false,"template":"","format":"standard","meta":{"ngg_post_thumbnail":0,"footnotes":""},"categories":[1],"tags":[],"_links":{"self":[{"href":"https:\/\/corcouesurlogne-ecole.fr\/index.php?rest_route=\/wp\/v2\/posts\/6497"}],"collection":[{"href":"https:\/\/corcouesurlogne-ecole.fr\/index.php?rest_route=\/wp\/v2\/posts"}],"about":[{"href":"https:\/\/corcouesurlogne-ecole.fr\/index.php?rest_route=\/wp\/v2\/types\/post"}],"author":[{"embeddable":true,"href":"https:\/\/corcouesurlogne-ecole.fr\/index.php?rest_route=\/wp\/v2\/users\/1"}],"replies":[{"embeddable":true,"href":"https:\/\/corcouesurlogne-ecole.fr\/index.php?rest_route=%2Fwp%2Fv2%2Fcomments&post=6497"}],"version-history":[{"count":4,"href":"https:\/\/corcouesurlogne-ecole.fr\/index.php?rest_route=\/wp\/v2\/posts\/6497\/revisions"}],"predecessor-version":[{"id":6509,"href":"https:\/\/corcouesurlogne-ecole.fr\/index.php?rest_route=\/wp\/v2\/posts\/6497\/revisions\/6509"}],"wp:featuredmedia":[{"embeddable":true,"href":"https:\/\/corcouesurlogne-ecole.fr\/index.php?rest_route=\/wp\/v2\/media\/6510"}],"wp:attachment":[{"href":"https:\/\/corcouesurlogne-ecole.fr\/index.php?rest_route=%2Fwp%2Fv2%2Fmedia&parent=6497"}],"wp:term":[{"taxonomy":"category","embeddable":true,"href":"https:\/\/corcouesurlogne-ecole.fr\/index.php?rest_route=%2Fwp%2Fv2%2Fcategories&post=6497"},{"taxonomy":"post_tag","embeddable":true,"href":"https:\/\/corcouesurlogne-ecole.fr\/index.php?rest_route=%2Fwp%2Fv2%2Ftags&post=6497"}],"curies":[{"name":"wp","href":"https:\/\/api.w.org\/{rel}","templated":true}]}}