{"id":509,"date":"2016-03-07T20:05:05","date_gmt":"2016-03-07T19:05:05","guid":{"rendered":"https:\/\/corcouesurlogne-ecole.fr\/?p=509"},"modified":"2017-09-03T10:02:53","modified_gmt":"2017-09-03T09:02:53","slug":"les-gestes-de-premiers-secours","status":"publish","type":"post","link":"https:\/\/corcouesurlogne-ecole.fr\/?p=509","title":{"rendered":"Les gestes de premiers secours"},"content":{"rendered":"<p>Vendredi 5 f\u00e9vrier, 2 personnes de la Croix Rouge de Nantes sont venues \u00e0 l&rsquo;\u00e9cole pour nous former aux gestes de premiers secours.<\/p>\n<p>Dans la salle de motricit\u00e9, nous avons simul\u00e9 un \u00e9touffement et nous avons appris comment d\u00e9gager les voies a\u00e9riennes (5 tapes dans le dos puis compression sous la cage thoracique).<\/p>\n<p>Face \u00e0 un camarade qui faisait semblant d&rsquo;\u00eatre \u00e9vanoui, nous avons \u00e9galement appris \u00e0 le mettre en PLS (Position Lat\u00e9rale de S\u00e9curit\u00e9). Il fallait d&rsquo;abord lui demander s&rsquo;il nous entendait, \u00e9couter s&rsquo;il respirait puis le mettre sur le c\u00f4t\u00e9.<\/p>\n<p>Nous avons re\u00e7u notre dipl\u00f4me et nous voici maintenant de vrais petits secouristes !<\/p>\nngg_shortcode_0_placeholder\n","protected":false},"excerpt":{"rendered":"<p>Vendredi 5 f\u00e9vrier, 2 personnes de la Croix Rouge de Nantes sont venues \u00e0 l&rsquo;\u00e9cole pour nous former aux gestes de premiers secours. Dans la salle de motricit\u00e9, nous avons simul\u00e9 un \u00e9touffement et nous avons appris comment d\u00e9gager les voies a\u00e9riennes (5 tapes dans le dos puis compression sous la cage thoracique). Face \u00e0<\/p>\n<p><a href=\"https:\/\/corcouesurlogne-ecole.fr\/?p=509\" class=\"more-link themebutton\">Lire la suite<\/a><\/p>\n","protected":false},"author":6,"featured_media":0,"comment_status":"closed","ping_status":"closed","sticky":false,"template":"","format":"standard","meta":{"ngg_post_thumbnail":0,"footnotes":""},"categories":[10],"tags":[],"_links":{"self":[{"href":"https:\/\/corcouesurlogne-ecole.fr\/index.php?rest_route=\/wp\/v2\/posts\/509"}],"collection":[{"href":"https:\/\/corcouesurlogne-ecole.fr\/index.php?rest_route=\/wp\/v2\/posts"}],"about":[{"href":"https:\/\/corcouesurlogne-ecole.fr\/index.php?rest_route=\/wp\/v2\/types\/post"}],"author":[{"embeddable":true,"href":"https:\/\/corcouesurlogne-ecole.fr\/index.php?rest_route=\/wp\/v2\/users\/6"}],"replies":[{"embeddable":true,"href":"https:\/\/corcouesurlogne-ecole.fr\/index.php?rest_route=%2Fwp%2Fv2%2Fcomments&post=509"}],"version-history":[{"count":8,"href":"https:\/\/corcouesurlogne-ecole.fr\/index.php?rest_route=\/wp\/v2\/posts\/509\/revisions"}],"predecessor-version":[{"id":523,"href":"https:\/\/corcouesurlogne-ecole.fr\/index.php?rest_route=\/wp\/v2\/posts\/509\/revisions\/523"}],"wp:attachment":[{"href":"https:\/\/corcouesurlogne-ecole.fr\/index.php?rest_route=%2Fwp%2Fv2%2Fmedia&parent=509"}],"wp:term":[{"taxonomy":"category","embeddable":true,"href":"https:\/\/corcouesurlogne-ecole.fr\/index.php?rest_route=%2Fwp%2Fv2%2Fcategories&post=509"},{"taxonomy":"post_tag","embeddable":true,"href":"https:\/\/corcouesurlogne-ecole.fr\/index.php?rest_route=%2Fwp%2Fv2%2Ftags&post=509"}],"curies":[{"name":"wp","href":"https:\/\/api.w.org\/{rel}","templated":true}]}}