{"id":208,"date":"2015-09-20T18:08:16","date_gmt":"2015-09-20T17:08:16","guid":{"rendered":"https:\/\/corcouesurlogne-ecole.fr\/?p=208"},"modified":"2017-09-03T10:03:14","modified_gmt":"2017-09-03T09:03:14","slug":"en-gs-tous-les-matins","status":"publish","type":"post","link":"https:\/\/corcouesurlogne-ecole.fr\/?p=208","title":{"rendered":"En GS, tous les matins&#8230;."},"content":{"rendered":"<p>Tous les matins, le responsable met la date. Un autre responsable compte les pr\u00e9sents, les absents, ceux qui vont \u00e0 la cantine, au car, au<\/p>\n<div id=\"attachment_213\" style=\"width: 206px\" class=\"wp-caption alignright\"><a href=\"https:\/\/corcouesurlogne-ecole.fr\/wp-content\/uploads\/2015\/09\/SAM_2762-e1442768776751.jpg\"><img loading=\"lazy\" decoding=\"async\" aria-describedby=\"caption-attachment-213\" class=\" wp-image-213\" src=\"https:\/\/corcouesurlogne-ecole.fr\/wp-content\/uploads\/2015\/09\/SAM_2762-e1442768776751-225x300.jpg\" alt=\"Nous comptons chaque cat\u00e9gorie\" width=\"196\" height=\"261\" srcset=\"https:\/\/corcouesurlogne-ecole.fr\/wp-content\/uploads\/2015\/09\/SAM_2762-e1442768776751-225x300.jpg 225w, https:\/\/corcouesurlogne-ecole.fr\/wp-content\/uploads\/2015\/09\/SAM_2762-e1442768776751-768x1024.jpg 768w, https:\/\/corcouesurlogne-ecole.fr\/wp-content\/uploads\/2015\/09\/SAM_2762-e1442768776751.jpg 1536w\" sizes=\"(max-width: 196px) 100vw, 196px\" \/><\/a><p id=\"caption-attachment-213\" class=\"wp-caption-text\">Nous comptons chaque cat\u00e9gorie<\/p><\/div>\n<p>p\u00e9riscolaire, ceux qui repartent avec un adulte et il \u00e9crit le nombre. Un autre est charg\u00e9 de la m\u00e9t\u00e9o.<\/p>\n<div id=\"attachment_209\" style=\"width: 207px\" class=\"wp-caption aligncenter\"><a href=\"https:\/\/corcouesurlogne-ecole.fr\/wp-content\/uploads\/2015\/09\/SAM_2763-e1442768257906.jpg\"><img loading=\"lazy\" decoding=\"async\" aria-describedby=\"caption-attachment-209\" class=\" wp-image-209\" src=\"https:\/\/corcouesurlogne-ecole.fr\/wp-content\/uploads\/2015\/09\/SAM_2763-e1442768257906-225x300.jpg\" alt=\"Le tableau des pr\u00e9sences, cantine et modalit\u00e9s de sortie \" width=\"197\" height=\"263\" srcset=\"https:\/\/corcouesurlogne-ecole.fr\/wp-content\/uploads\/2015\/09\/SAM_2763-e1442768257906-225x300.jpg 225w, https:\/\/corcouesurlogne-ecole.fr\/wp-content\/uploads\/2015\/09\/SAM_2763-e1442768257906-768x1024.jpg 768w, https:\/\/corcouesurlogne-ecole.fr\/wp-content\/uploads\/2015\/09\/SAM_2763-e1442768257906.jpg 1536w\" sizes=\"(max-width: 197px) 100vw, 197px\" \/><\/a><p id=\"caption-attachment-209\" class=\"wp-caption-text\">Le tableau des pr\u00e9sences, cantine et modalit\u00e9s de sortie<\/p><\/div>\n<p>&nbsp;<\/p>\n<p>Nous avons d\u00e9cor\u00e9 notre pr\u00e9nom que l\u2019on a accroch\u00e9 \u00e0 notre porte-manteau.<\/p>\n<p>&nbsp;<\/p>\n","protected":false},"excerpt":{"rendered":"<p>Tous les matins, le responsable met la date. Un autre responsable compte les pr\u00e9sents, les absents, ceux qui vont \u00e0 la cantine, au car, au p\u00e9riscolaire, ceux qui repartent avec un adulte et il \u00e9crit le nombre. Un autre est charg\u00e9 de la m\u00e9t\u00e9o. &nbsp; Nous avons d\u00e9cor\u00e9 notre pr\u00e9nom que l\u2019on a accroch\u00e9 \u00e0<\/p>\n<p><a href=\"https:\/\/corcouesurlogne-ecole.fr\/?p=208\" class=\"more-link themebutton\">Lire la suite<\/a><\/p>\n","protected":false},"author":1,"featured_media":0,"comment_status":"closed","ping_status":"closed","sticky":false,"template":"","format":"standard","meta":{"ngg_post_thumbnail":0,"footnotes":""},"categories":[1],"tags":[],"_links":{"self":[{"href":"https:\/\/corcouesurlogne-ecole.fr\/index.php?rest_route=\/wp\/v2\/posts\/208"}],"collection":[{"href":"https:\/\/corcouesurlogne-ecole.fr\/index.php?rest_route=\/wp\/v2\/posts"}],"about":[{"href":"https:\/\/corcouesurlogne-ecole.fr\/index.php?rest_route=\/wp\/v2\/types\/post"}],"author":[{"embeddable":true,"href":"https:\/\/corcouesurlogne-ecole.fr\/index.php?rest_route=\/wp\/v2\/users\/1"}],"replies":[{"embeddable":true,"href":"https:\/\/corcouesurlogne-ecole.fr\/index.php?rest_route=%2Fwp%2Fv2%2Fcomments&post=208"}],"version-history":[{"count":1,"href":"https:\/\/corcouesurlogne-ecole.fr\/index.php?rest_route=\/wp\/v2\/posts\/208\/revisions"}],"predecessor-version":[{"id":214,"href":"https:\/\/corcouesurlogne-ecole.fr\/index.php?rest_route=\/wp\/v2\/posts\/208\/revisions\/214"}],"wp:attachment":[{"href":"https:\/\/corcouesurlogne-ecole.fr\/index.php?rest_route=%2Fwp%2Fv2%2Fmedia&parent=208"}],"wp:term":[{"taxonomy":"category","embeddable":true,"href":"https:\/\/corcouesurlogne-ecole.fr\/index.php?rest_route=%2Fwp%2Fv2%2Fcategories&post=208"},{"taxonomy":"post_tag","embeddable":true,"href":"https:\/\/corcouesurlogne-ecole.fr\/index.php?rest_route=%2Fwp%2Fv2%2Ftags&post=208"}],"curies":[{"name":"wp","href":"https:\/\/api.w.org\/{rel}","templated":true}]}}