{"id":1534,"date":"2017-02-25T16:35:47","date_gmt":"2017-02-25T15:35:47","guid":{"rendered":"https:\/\/corcouesurlogne-ecole.fr\/?p=1534"},"modified":"2017-09-03T09:59:46","modified_gmt":"2017-09-03T08:59:46","slug":"la-veillees-de-noel","status":"publish","type":"post","link":"https:\/\/corcouesurlogne-ecole.fr\/?p=1534","title":{"rendered":"La veill\u00e9es de No\u00ebl"},"content":{"rendered":"<p style=\"text-align: left\" align=\"CENTER\"><span style=\"font-family: Amandine, serif\"><span style=\"font-size: x-large\">La veill\u00e9e de Noel a eu lieu le 9 d\u00e9cembre \u00e0 la salle du Bouton d\u2019Art<\/span><\/span><span style=\"font-family: 'Times New Roman', serif\"><span style=\"font-size: x-large\">. <\/span><\/span><\/p>\n<p align=\"JUSTIFY\"><span style=\"font-family: Amandine, serif\"><span style=\"font-size: x-large\">Le th\u00e8me \u00e9tait le cin\u00e9ma, nous avons chant\u00e9: Mike Teavee, Tarte \u00e0 la cr\u00e8me, Willy Wonka, La derni\u00e8re s\u00e9ance, James Bond<\/span><\/span><span style=\"font-family: 'Times New Roman', serif\"><span style=\"font-size: x-large\">.\u00a0<\/span><\/span><span style=\"font-family: Amandine, serif\"><span style=\"font-size: x-large\">Nous avons invit\u00e9 nos parents au spectacle. Nous sommes pass\u00e9s les derniers. Nous \u00e9tions habill\u00e9s en noir et blanc. Nous \u00e9tions plac\u00e9s en 3 rang\u00e9es.<\/span><\/span><\/p>\n<p align=\"JUSTIFY\"><span style=\"font-family: Amandine, serif\"><span style=\"font-size: x-large\">Nous avons utilis\u00e9 des gobelets et nous avons fait de la musique avec les gobelets (cup song). Nous avons fait passer des pancartes o\u00f9 dessus c\u2019\u00e9tait marqu\u00e9 les titres des chansons de toutes les interpr\u00e9tations. Toutes les classes ont chant\u00e9. <\/span><\/span><\/p>\n<p align=\"JUSTIFY\"><span style=\"font-family: Amandine, serif\"><span style=\"font-size: x-large\">Nous avons termin\u00e9 le spectacle et nous avons profit\u00e9 des services du bar. Nous avons jou\u00e9 avec nos copains.<\/span><\/span><\/p>\n","protected":false},"excerpt":{"rendered":"<p>La veill\u00e9e de Noel a eu lieu le 9 d\u00e9cembre \u00e0 la salle du Bouton d\u2019Art. Le th\u00e8me \u00e9tait le cin\u00e9ma, nous avons chant\u00e9: Mike Teavee, Tarte \u00e0 la cr\u00e8me, Willy Wonka, La derni\u00e8re s\u00e9ance, James Bond.\u00a0Nous avons invit\u00e9 nos parents au spectacle. Nous sommes pass\u00e9s les derniers. Nous \u00e9tions habill\u00e9s en noir et blanc.<\/p>\n<p><a href=\"https:\/\/corcouesurlogne-ecole.fr\/?p=1534\" class=\"more-link themebutton\">Lire la suite<\/a><\/p>\n","protected":false},"author":8,"featured_media":0,"comment_status":"closed","ping_status":"closed","sticky":false,"template":"","format":"standard","meta":{"ngg_post_thumbnail":0,"footnotes":""},"categories":[11],"tags":[],"_links":{"self":[{"href":"https:\/\/corcouesurlogne-ecole.fr\/index.php?rest_route=\/wp\/v2\/posts\/1534"}],"collection":[{"href":"https:\/\/corcouesurlogne-ecole.fr\/index.php?rest_route=\/wp\/v2\/posts"}],"about":[{"href":"https:\/\/corcouesurlogne-ecole.fr\/index.php?rest_route=\/wp\/v2\/types\/post"}],"author":[{"embeddable":true,"href":"https:\/\/corcouesurlogne-ecole.fr\/index.php?rest_route=\/wp\/v2\/users\/8"}],"replies":[{"embeddable":true,"href":"https:\/\/corcouesurlogne-ecole.fr\/index.php?rest_route=%2Fwp%2Fv2%2Fcomments&post=1534"}],"version-history":[{"count":1,"href":"https:\/\/corcouesurlogne-ecole.fr\/index.php?rest_route=\/wp\/v2\/posts\/1534\/revisions"}],"predecessor-version":[{"id":1535,"href":"https:\/\/corcouesurlogne-ecole.fr\/index.php?rest_route=\/wp\/v2\/posts\/1534\/revisions\/1535"}],"wp:attachment":[{"href":"https:\/\/corcouesurlogne-ecole.fr\/index.php?rest_route=%2Fwp%2Fv2%2Fmedia&parent=1534"}],"wp:term":[{"taxonomy":"category","embeddable":true,"href":"https:\/\/corcouesurlogne-ecole.fr\/index.php?rest_route=%2Fwp%2Fv2%2Fcategories&post=1534"},{"taxonomy":"post_tag","embeddable":true,"href":"https:\/\/corcouesurlogne-ecole.fr\/index.php?rest_route=%2Fwp%2Fv2%2Ftags&post=1534"}],"curies":[{"name":"wp","href":"https:\/\/api.w.org\/{rel}","templated":true}]}}