{"id":1529,"date":"2017-02-25T16:32:00","date_gmt":"2017-02-25T15:32:00","guid":{"rendered":"https:\/\/corcouesurlogne-ecole.fr\/?p=1529"},"modified":"2017-09-03T09:59:46","modified_gmt":"2017-09-03T08:59:46","slug":"celebration-de-lavent","status":"publish","type":"post","link":"https:\/\/corcouesurlogne-ecole.fr\/?p=1529","title":{"rendered":"C\u00e9l\u00e9bration de l&rsquo;avent"},"content":{"rendered":"<p style=\"text-align: left\">Le 14 d\u00e9cembre,\u00a0on est parti et revenu \u00e0 pied \u00e0 l&rsquo;\u00e9glise et on a chant\u00e9 \u00ab\u00a0Dieu s&rsquo;invite \u00e0 la f\u00eate\u00a0\u00bb .<\/p>\n<p style=\"text-align: left\">On a racont\u00e9 un conte qui parlait des outils qui se disputaient ( la scie, la rappe, le papier de verre, le marteau, le clou et les ciseaux ) car ils avaient des inconv\u00e9nients. A la fin de l&rsquo;histoire, le menuisier est arriv\u00e9. Il a pris tous les outils et il a construit un berceau, pour le nouveau n\u00e9. Il y avait toute l&rsquo;\u00e9cole. Les plus grands ont construis un berceau en papier.<\/p>\n<p style=\"text-align: center\"><a href=\"https:\/\/corcouesurlogne-ecole.fr\/wp-content\/uploads\/2017\/02\/Berceau.png\"><img loading=\"lazy\" decoding=\"async\" class=\"alignnone size-full wp-image-1530\" src=\"https:\/\/corcouesurlogne-ecole.fr\/wp-content\/uploads\/2017\/02\/Berceau.png\" alt=\"\" width=\"225\" height=\"225\" srcset=\"https:\/\/corcouesurlogne-ecole.fr\/wp-content\/uploads\/2017\/02\/Berceau.png 225w, https:\/\/corcouesurlogne-ecole.fr\/wp-content\/uploads\/2017\/02\/Berceau-150x150.png 150w\" sizes=\"(max-width: 225px) 100vw, 225px\" \/><\/a><\/p>\n","protected":false},"excerpt":{"rendered":"<p>Le 14 d\u00e9cembre,\u00a0on est parti et revenu \u00e0 pied \u00e0 l&rsquo;\u00e9glise et on a chant\u00e9 \u00ab\u00a0Dieu s&rsquo;invite \u00e0 la f\u00eate\u00a0\u00bb . On a racont\u00e9 un conte qui parlait des outils qui se disputaient ( la scie, la rappe, le papier de verre, le marteau, le clou et les ciseaux ) car ils avaient des inconv\u00e9nients.<\/p>\n<p><a href=\"https:\/\/corcouesurlogne-ecole.fr\/?p=1529\" class=\"more-link themebutton\">Lire la suite<\/a><\/p>\n","protected":false},"author":8,"featured_media":0,"comment_status":"closed","ping_status":"closed","sticky":false,"template":"","format":"standard","meta":{"ngg_post_thumbnail":0,"footnotes":""},"categories":[11],"tags":[],"_links":{"self":[{"href":"https:\/\/corcouesurlogne-ecole.fr\/index.php?rest_route=\/wp\/v2\/posts\/1529"}],"collection":[{"href":"https:\/\/corcouesurlogne-ecole.fr\/index.php?rest_route=\/wp\/v2\/posts"}],"about":[{"href":"https:\/\/corcouesurlogne-ecole.fr\/index.php?rest_route=\/wp\/v2\/types\/post"}],"author":[{"embeddable":true,"href":"https:\/\/corcouesurlogne-ecole.fr\/index.php?rest_route=\/wp\/v2\/users\/8"}],"replies":[{"embeddable":true,"href":"https:\/\/corcouesurlogne-ecole.fr\/index.php?rest_route=%2Fwp%2Fv2%2Fcomments&post=1529"}],"version-history":[{"count":1,"href":"https:\/\/corcouesurlogne-ecole.fr\/index.php?rest_route=\/wp\/v2\/posts\/1529\/revisions"}],"predecessor-version":[{"id":1531,"href":"https:\/\/corcouesurlogne-ecole.fr\/index.php?rest_route=\/wp\/v2\/posts\/1529\/revisions\/1531"}],"wp:attachment":[{"href":"https:\/\/corcouesurlogne-ecole.fr\/index.php?rest_route=%2Fwp%2Fv2%2Fmedia&parent=1529"}],"wp:term":[{"taxonomy":"category","embeddable":true,"href":"https:\/\/corcouesurlogne-ecole.fr\/index.php?rest_route=%2Fwp%2Fv2%2Fcategories&post=1529"},{"taxonomy":"post_tag","embeddable":true,"href":"https:\/\/corcouesurlogne-ecole.fr\/index.php?rest_route=%2Fwp%2Fv2%2Ftags&post=1529"}],"curies":[{"name":"wp","href":"https:\/\/api.w.org\/{rel}","templated":true}]}}