{"id":1376,"date":"2017-01-11T21:30:15","date_gmt":"2017-01-11T20:30:15","guid":{"rendered":"https:\/\/corcouesurlogne-ecole.fr\/?p=1376"},"modified":"2017-09-03T10:00:07","modified_gmt":"2017-09-03T09:00:07","slug":"ce-que-nous-voulons-partager","status":"publish","type":"post","link":"https:\/\/corcouesurlogne-ecole.fr\/?p=1376","title":{"rendered":"Ce que nous voulons partager"},"content":{"rendered":"<p>&nbsp;<\/p>\n<p>Le lundi apr\u00e8s-midi, nous faisons du sport, c\u2019est de la lutte. Avant de commencer, nous mettons de la musique de m\u00e9ditation pour \u00eatre calme, pour pouvoir travailler correctement en groupe de force.<\/p>\n<p>En g\u00e9om\u00e9trie, nous avons commenc\u00e9 \u00e0 travailler avec la r\u00e8gle et l\u2019\u00e9querre.<\/p>\n<p>L\u2019ambiance de la classe est toujours bruyante malgr\u00e9 un tr\u00e8s l\u00e9ger effort.<\/p>\n<p>Nous avons rapport\u00e9 des boites de c\u00e9r\u00e9ales pour faire des casiers afin de ranger nos fiches d\u2019ateliers.<\/p>\n<p>Nous avons recommenc\u00e9 \u00e0 travailler en groupe. Nous travaillons sur des textes de types diff\u00e9rents pour les classer.<a href=\"https:\/\/corcouesurlogne-ecole.fr\/wp-content\/uploads\/2017\/01\/g\u00e9om\u00e9trie.png\"><img loading=\"lazy\" decoding=\"async\" class=\"size-full wp-image-1377 alignright\" src=\"https:\/\/corcouesurlogne-ecole.fr\/wp-content\/uploads\/2017\/01\/g\u00e9om\u00e9trie.png\" alt=\"\" width=\"222\" height=\"227\" \/><\/a> <a href=\"https:\/\/corcouesurlogne-ecole.fr\/wp-content\/uploads\/2017\/01\/lutte.png\"><img loading=\"lazy\" decoding=\"async\" class=\"alignnone size-medium wp-image-1378\" src=\"https:\/\/corcouesurlogne-ecole.fr\/wp-content\/uploads\/2017\/01\/lutte.png\" alt=\"\" width=\"264\" height=\"191\" \/><\/a><\/p>\n<p style=\"text-align: right\">Les CE2-CM1<\/p>\n","protected":false},"excerpt":{"rendered":"<p>&nbsp; Le lundi apr\u00e8s-midi, nous faisons du sport, c\u2019est de la lutte. Avant de commencer, nous mettons de la musique de m\u00e9ditation pour \u00eatre calme, pour pouvoir travailler correctement en groupe de force. En g\u00e9om\u00e9trie, nous avons commenc\u00e9 \u00e0 travailler avec la r\u00e8gle et l\u2019\u00e9querre. L\u2019ambiance de la classe est toujours bruyante malgr\u00e9 un tr\u00e8s<\/p>\n<p><a href=\"https:\/\/corcouesurlogne-ecole.fr\/?p=1376\" class=\"more-link themebutton\">Lire la suite<\/a><\/p>\n","protected":false},"author":6,"featured_media":0,"comment_status":"closed","ping_status":"closed","sticky":false,"template":"","format":"standard","meta":{"ngg_post_thumbnail":0,"footnotes":""},"categories":[10],"tags":[],"_links":{"self":[{"href":"https:\/\/corcouesurlogne-ecole.fr\/index.php?rest_route=\/wp\/v2\/posts\/1376"}],"collection":[{"href":"https:\/\/corcouesurlogne-ecole.fr\/index.php?rest_route=\/wp\/v2\/posts"}],"about":[{"href":"https:\/\/corcouesurlogne-ecole.fr\/index.php?rest_route=\/wp\/v2\/types\/post"}],"author":[{"embeddable":true,"href":"https:\/\/corcouesurlogne-ecole.fr\/index.php?rest_route=\/wp\/v2\/users\/6"}],"replies":[{"embeddable":true,"href":"https:\/\/corcouesurlogne-ecole.fr\/index.php?rest_route=%2Fwp%2Fv2%2Fcomments&post=1376"}],"version-history":[{"count":1,"href":"https:\/\/corcouesurlogne-ecole.fr\/index.php?rest_route=\/wp\/v2\/posts\/1376\/revisions"}],"predecessor-version":[{"id":1379,"href":"https:\/\/corcouesurlogne-ecole.fr\/index.php?rest_route=\/wp\/v2\/posts\/1376\/revisions\/1379"}],"wp:attachment":[{"href":"https:\/\/corcouesurlogne-ecole.fr\/index.php?rest_route=%2Fwp%2Fv2%2Fmedia&parent=1376"}],"wp:term":[{"taxonomy":"category","embeddable":true,"href":"https:\/\/corcouesurlogne-ecole.fr\/index.php?rest_route=%2Fwp%2Fv2%2Fcategories&post=1376"},{"taxonomy":"post_tag","embeddable":true,"href":"https:\/\/corcouesurlogne-ecole.fr\/index.php?rest_route=%2Fwp%2Fv2%2Ftags&post=1376"}],"curies":[{"name":"wp","href":"https:\/\/api.w.org\/{rel}","templated":true}]}}