{"id":1370,"date":"2017-01-11T21:23:12","date_gmt":"2017-01-11T20:23:12","guid":{"rendered":"https:\/\/corcouesurlogne-ecole.fr\/?p=1370"},"modified":"2017-09-03T10:00:07","modified_gmt":"2017-09-03T09:00:07","slug":"nos-nouvelles-activites","status":"publish","type":"post","link":"https:\/\/corcouesurlogne-ecole.fr\/?p=1370","title":{"rendered":"Nos nouvelles activit\u00e9s"},"content":{"rendered":"<p><a href=\"https:\/\/corcouesurlogne-ecole.fr\/wp-content\/uploads\/2017\/01\/atelier-fran\u00e7ais.jpg\"><img loading=\"lazy\" decoding=\"async\" class=\"size-full wp-image-1372 alignleft\" src=\"https:\/\/corcouesurlogne-ecole.fr\/wp-content\/uploads\/2017\/01\/atelier-fran\u00e7ais.jpg\" alt=\"\" width=\"267\" height=\"189\" \/><\/a> <a href=\"https:\/\/corcouesurlogne-ecole.fr\/wp-content\/uploads\/2017\/01\/bon-atelier-maths.jpg\"><img loading=\"lazy\" decoding=\"async\" class=\"size-medium wp-image-1373 alignright\" src=\"https:\/\/corcouesurlogne-ecole.fr\/wp-content\/uploads\/2017\/01\/bon-atelier-maths.jpg\" alt=\"\" width=\"267\" height=\"189\" \/><\/a>Tous les mardis et jeudis apr\u00e8s-midi, nous faisons, avec Charline et Fanny, des ateliers de math\u00e9matiques et fran\u00e7ais. Le mardi, nous faisons des maths\u00a0: on fait des calculs sur feuilles, de la g\u00e9om\u00e9trie, principalement sur les traits, puis nous faisons, sur des fiches plastiques, diff\u00e9rentes activit\u00e9s. Le jeudi nous ferons, de la conjugaison, de la grammaire et de la lecture.<\/p>\n<p style=\"text-align: right\">Les CE2<\/p>\n","protected":false},"excerpt":{"rendered":"<p>Tous les mardis et jeudis apr\u00e8s-midi, nous faisons, avec Charline et Fanny, des ateliers de math\u00e9matiques et fran\u00e7ais. Le mardi, nous faisons des maths\u00a0: on fait des calculs sur feuilles, de la g\u00e9om\u00e9trie, principalement sur les traits, puis nous faisons, sur des fiches plastiques, diff\u00e9rentes activit\u00e9s. Le jeudi nous ferons, de la conjugaison, de la<\/p>\n<p><a href=\"https:\/\/corcouesurlogne-ecole.fr\/?p=1370\" class=\"more-link themebutton\">Lire la suite<\/a><\/p>\n","protected":false},"author":6,"featured_media":0,"comment_status":"closed","ping_status":"closed","sticky":false,"template":"","format":"standard","meta":{"ngg_post_thumbnail":0,"footnotes":""},"categories":[1],"tags":[],"_links":{"self":[{"href":"https:\/\/corcouesurlogne-ecole.fr\/index.php?rest_route=\/wp\/v2\/posts\/1370"}],"collection":[{"href":"https:\/\/corcouesurlogne-ecole.fr\/index.php?rest_route=\/wp\/v2\/posts"}],"about":[{"href":"https:\/\/corcouesurlogne-ecole.fr\/index.php?rest_route=\/wp\/v2\/types\/post"}],"author":[{"embeddable":true,"href":"https:\/\/corcouesurlogne-ecole.fr\/index.php?rest_route=\/wp\/v2\/users\/6"}],"replies":[{"embeddable":true,"href":"https:\/\/corcouesurlogne-ecole.fr\/index.php?rest_route=%2Fwp%2Fv2%2Fcomments&post=1370"}],"version-history":[{"count":2,"href":"https:\/\/corcouesurlogne-ecole.fr\/index.php?rest_route=\/wp\/v2\/posts\/1370\/revisions"}],"predecessor-version":[{"id":1375,"href":"https:\/\/corcouesurlogne-ecole.fr\/index.php?rest_route=\/wp\/v2\/posts\/1370\/revisions\/1375"}],"wp:attachment":[{"href":"https:\/\/corcouesurlogne-ecole.fr\/index.php?rest_route=%2Fwp%2Fv2%2Fmedia&parent=1370"}],"wp:term":[{"taxonomy":"category","embeddable":true,"href":"https:\/\/corcouesurlogne-ecole.fr\/index.php?rest_route=%2Fwp%2Fv2%2Fcategories&post=1370"},{"taxonomy":"post_tag","embeddable":true,"href":"https:\/\/corcouesurlogne-ecole.fr\/index.php?rest_route=%2Fwp%2Fv2%2Ftags&post=1370"}],"curies":[{"name":"wp","href":"https:\/\/api.w.org\/{rel}","templated":true}]}}