{"id":12540,"date":"2025-10-17T17:20:23","date_gmt":"2025-10-17T16:20:23","guid":{"rendered":"https:\/\/corcouesurlogne-ecole.fr\/?p=12540"},"modified":"2026-04-19T00:19:26","modified_gmt":"2026-04-18T23:19:26","slug":"anniversaire-du-mois-de-septembre-2","status":"publish","type":"post","link":"https:\/\/corcouesurlogne-ecole.fr\/?p=12540","title":{"rendered":"Anniversaire du mois de septembre"},"content":{"rendered":"<p>&nbsp;<\/p>\n<p><a href=\"https:\/\/corcouesurlogne-ecole.fr\/wp-content\/uploads\/2025\/10\/20251014_094659-scaled.jpeg\"><img loading=\"lazy\" decoding=\"async\" class=\"alignnone wp-image-12553\" src=\"https:\/\/corcouesurlogne-ecole.fr\/wp-content\/uploads\/2025\/10\/20251014_094659-300x225.jpeg\" alt=\"\" width=\"231\" height=\"173\" srcset=\"https:\/\/corcouesurlogne-ecole.fr\/wp-content\/uploads\/2025\/10\/20251014_094659-300x225.jpeg 300w, https:\/\/corcouesurlogne-ecole.fr\/wp-content\/uploads\/2025\/10\/20251014_094659-1024x768.jpeg 1024w, https:\/\/corcouesurlogne-ecole.fr\/wp-content\/uploads\/2025\/10\/20251014_094659-768x576.jpeg 768w, https:\/\/corcouesurlogne-ecole.fr\/wp-content\/uploads\/2025\/10\/20251014_094659-1536x1152.jpeg 1536w, https:\/\/corcouesurlogne-ecole.fr\/wp-content\/uploads\/2025\/10\/20251014_094659-2048x1536.jpeg 2048w\" sizes=\"(max-width: 231px) 100vw, 231px\" \/><\/a><a href=\"https:\/\/corcouesurlogne-ecole.fr\/wp-content\/uploads\/2025\/10\/20251014_161308-1-scaled.jpeg\"><img loading=\"lazy\" decoding=\"async\" class=\"alignnone wp-image-12552\" src=\"https:\/\/corcouesurlogne-ecole.fr\/wp-content\/uploads\/2025\/10\/20251014_161308-1-300x225.jpeg\" alt=\"\" width=\"259\" height=\"194\" srcset=\"https:\/\/corcouesurlogne-ecole.fr\/wp-content\/uploads\/2025\/10\/20251014_161308-1-300x225.jpeg 300w, https:\/\/corcouesurlogne-ecole.fr\/wp-content\/uploads\/2025\/10\/20251014_161308-1-1024x768.jpeg 1024w, https:\/\/corcouesurlogne-ecole.fr\/wp-content\/uploads\/2025\/10\/20251014_161308-1-768x576.jpeg 768w, https:\/\/corcouesurlogne-ecole.fr\/wp-content\/uploads\/2025\/10\/20251014_161308-1-1536x1152.jpeg 1536w, https:\/\/corcouesurlogne-ecole.fr\/wp-content\/uploads\/2025\/10\/20251014_161308-1-2048x1536.jpeg 2048w\" sizes=\"(max-width: 259px) 100vw, 259px\" \/><\/a><a href=\"https:\/\/corcouesurlogne-ecole.fr\/wp-content\/uploads\/2025\/10\/20251014_094345-1-scaled.jpeg\"><img loading=\"lazy\" decoding=\"async\" class=\"alignnone wp-image-12551\" src=\"https:\/\/corcouesurlogne-ecole.fr\/wp-content\/uploads\/2025\/10\/20251014_094345-1-300x225.jpeg\" alt=\"\" width=\"264\" height=\"198\" srcset=\"https:\/\/corcouesurlogne-ecole.fr\/wp-content\/uploads\/2025\/10\/20251014_094345-1-300x225.jpeg 300w, https:\/\/corcouesurlogne-ecole.fr\/wp-content\/uploads\/2025\/10\/20251014_094345-1-1024x768.jpeg 1024w, https:\/\/corcouesurlogne-ecole.fr\/wp-content\/uploads\/2025\/10\/20251014_094345-1-768x576.jpeg 768w, https:\/\/corcouesurlogne-ecole.fr\/wp-content\/uploads\/2025\/10\/20251014_094345-1-1536x1152.jpeg 1536w, https:\/\/corcouesurlogne-ecole.fr\/wp-content\/uploads\/2025\/10\/20251014_094345-1-2048x1536.jpeg 2048w\" sizes=\"(max-width: 264px) 100vw, 264px\" \/><\/a><\/p>\n<p>&nbsp;<\/p>\n<p>Le mardi 14 octobre, nous avons cuisin\u00e9 pour faire un g\u00e2teau au yaourt aux noix et aux marrons. Les cuisiniers ont pu mettre un tablier et une toque de chef.<a href=\"https:\/\/corcouesurlogne-ecole.fr\/wp-content\/uploads\/2025\/10\/20251014_161308.heic\"><img decoding=\"async\" class=\"alignnone size-full wp-image-12541\" src=\"https:\/\/corcouesurlogne-ecole.fr\/wp-content\/uploads\/2025\/10\/20251014_161308.heic\" alt=\"\"><\/a> <a href=\"https:\/\/corcouesurlogne-ecole.fr\/wp-content\/uploads\/2025\/10\/20251014_094659.heic\"><img loading=\"lazy\" decoding=\"async\" class=\"alignnone size-medium wp-image-12542\" src=\"https:\/\/corcouesurlogne-ecole.fr\/wp-content\/uploads\/2025\/10\/20251014_094659.heic\" alt=\"\" width=\"1\" height=\"1\"><\/a> <a href=\"https:\/\/corcouesurlogne-ecole.fr\/wp-content\/uploads\/2025\/10\/20251014_094345.heic\"><img loading=\"lazy\" decoding=\"async\" class=\"alignnone size-medium wp-image-12543\" src=\"https:\/\/corcouesurlogne-ecole.fr\/wp-content\/uploads\/2025\/10\/20251014_094345.heic\" alt=\"\" width=\"1\" height=\"1\"><\/a><\/p>\n<p>Loucas ,Ellya, Anna et M\u00e9lyne ont souffl\u00e9 les bougies pour c\u00e9l\u00e9brer les 8 ans.<\/p>\n<p>Le g\u00e2teau \u00e9tait d\u00e9licieux !<\/p>\n<p><!--more--><\/p>\n","protected":false},"excerpt":{"rendered":"<p>&nbsp; &nbsp; Le mardi 14 octobre, nous avons cuisin\u00e9 pour faire un g\u00e2teau au yaourt aux noix et aux marrons. Les cuisiniers ont pu mettre un tablier et une toque de chef. Loucas ,Ellya, Anna et M\u00e9lyne ont souffl\u00e9 les bougies pour c\u00e9l\u00e9brer les 8 ans. Le g\u00e2teau \u00e9tait d\u00e9licieux !<\/p>\n","protected":false},"author":9,"featured_media":0,"comment_status":"closed","ping_status":"closed","sticky":false,"template":"","format":"standard","meta":{"ngg_post_thumbnail":0,"footnotes":""},"categories":[30,35],"tags":[],"_links":{"self":[{"href":"https:\/\/corcouesurlogne-ecole.fr\/index.php?rest_route=\/wp\/v2\/posts\/12540"}],"collection":[{"href":"https:\/\/corcouesurlogne-ecole.fr\/index.php?rest_route=\/wp\/v2\/posts"}],"about":[{"href":"https:\/\/corcouesurlogne-ecole.fr\/index.php?rest_route=\/wp\/v2\/types\/post"}],"author":[{"embeddable":true,"href":"https:\/\/corcouesurlogne-ecole.fr\/index.php?rest_route=\/wp\/v2\/users\/9"}],"replies":[{"embeddable":true,"href":"https:\/\/corcouesurlogne-ecole.fr\/index.php?rest_route=%2Fwp%2Fv2%2Fcomments&post=12540"}],"version-history":[{"count":2,"href":"https:\/\/corcouesurlogne-ecole.fr\/index.php?rest_route=\/wp\/v2\/posts\/12540\/revisions"}],"predecessor-version":[{"id":12661,"href":"https:\/\/corcouesurlogne-ecole.fr\/index.php?rest_route=\/wp\/v2\/posts\/12540\/revisions\/12661"}],"wp:attachment":[{"href":"https:\/\/corcouesurlogne-ecole.fr\/index.php?rest_route=%2Fwp%2Fv2%2Fmedia&parent=12540"}],"wp:term":[{"taxonomy":"category","embeddable":true,"href":"https:\/\/corcouesurlogne-ecole.fr\/index.php?rest_route=%2Fwp%2Fv2%2Fcategories&post=12540"},{"taxonomy":"post_tag","embeddable":true,"href":"https:\/\/corcouesurlogne-ecole.fr\/index.php?rest_route=%2Fwp%2Fv2%2Ftags&post=12540"}],"curies":[{"name":"wp","href":"https:\/\/api.w.org\/{rel}","templated":true}]}}