{"id":12354,"date":"2025-04-25T20:48:54","date_gmt":"2025-04-25T19:48:54","guid":{"rendered":"https:\/\/corcouesurlogne-ecole.fr\/?p=12354"},"modified":"2025-05-25T22:56:10","modified_gmt":"2025-05-25T21:56:10","slug":"un-pompier-a-lecole","status":"publish","type":"post","link":"https:\/\/corcouesurlogne-ecole.fr\/?p=12354","title":{"rendered":"Un pompier \u00e0 l&rsquo;\u00e9cole"},"content":{"rendered":"<p>Comme chaque ann\u00e9e, les \u00e9l\u00e8ves de l\u2019\u00e9cole Saint Yves ont eu la chance de b\u00e9n\u00e9ficier d\u2019une intervention autour des premiers secours, anim\u00e9e par Anthony, pompier \u00e0 Leg\u00e9.&nbsp;Cette rencontre, toujours tr\u00e8s attendue, a permis \u00e0 tous les \u00e9l\u00e8ves, de la maternelle au CM2, de s\u2019initier ou de se rappeler les gestes essentiels qui peuvent sauver des vies.<\/p>\n<p>Les plus jeunes ont d\u00e9couvert les diff\u00e9rents v\u00e9hicules utilis\u00e9s par les pompiers, leur r\u00f4le selon les types d\u2019interventions, ainsi que les diff\u00e9rentes tenues port\u00e9es en mission. Un rappel des num\u00e9ros d\u2019urgence leur a \u00e9t\u00e9 fait. Certains \u00e9l\u00e8ves de Petite Section les connaissaient d\u00e9j\u00e0 ! Le moment fort de cette animation a sans doute \u00e9t\u00e9 l\u2019essayage du c\u00e9l\u00e8bre casque de pompier, parfois un peu trop grand pour certaines t\u00eates, mais heureusement bien soutenu par des \u00e9paules solides !<\/p>\n<p><a href=\"https:\/\/corcouesurlogne-ecole.fr\/wp-content\/uploads\/2025\/05\/1743412424816-scaled.jpg\"><img loading=\"lazy\" decoding=\"async\" class=\"size-medium wp-image-12355 alignleft\" src=\"https:\/\/corcouesurlogne-ecole.fr\/wp-content\/uploads\/2025\/05\/1743412424816-225x300.jpg\" alt=\"\" width=\"225\" height=\"300\" srcset=\"https:\/\/corcouesurlogne-ecole.fr\/wp-content\/uploads\/2025\/05\/1743412424816-225x300.jpg 225w, https:\/\/corcouesurlogne-ecole.fr\/wp-content\/uploads\/2025\/05\/1743412424816-768x1024.jpg 768w, https:\/\/corcouesurlogne-ecole.fr\/wp-content\/uploads\/2025\/05\/1743412424816-1152x1536.jpg 1152w, https:\/\/corcouesurlogne-ecole.fr\/wp-content\/uploads\/2025\/05\/1743412424816-1536x2048.jpg 1536w, https:\/\/corcouesurlogne-ecole.fr\/wp-content\/uploads\/2025\/05\/1743412424816-scaled.jpg 1920w\" sizes=\"(max-width: 225px) 100vw, 225px\" \/><\/a> <a href=\"https:\/\/corcouesurlogne-ecole.fr\/wp-content\/uploads\/2025\/05\/1743412425028-scaled.jpg\"><img loading=\"lazy\" decoding=\"async\" class=\"size-medium wp-image-12356 alignleft\" src=\"https:\/\/corcouesurlogne-ecole.fr\/wp-content\/uploads\/2025\/05\/1743412425028-225x300.jpg\" alt=\"\" width=\"225\" height=\"300\" srcset=\"https:\/\/corcouesurlogne-ecole.fr\/wp-content\/uploads\/2025\/05\/1743412425028-225x300.jpg 225w, https:\/\/corcouesurlogne-ecole.fr\/wp-content\/uploads\/2025\/05\/1743412425028-768x1024.jpg 768w, https:\/\/corcouesurlogne-ecole.fr\/wp-content\/uploads\/2025\/05\/1743412425028-1152x1536.jpg 1152w, https:\/\/corcouesurlogne-ecole.fr\/wp-content\/uploads\/2025\/05\/1743412425028-1536x2048.jpg 1536w, https:\/\/corcouesurlogne-ecole.fr\/wp-content\/uploads\/2025\/05\/1743412425028-scaled.jpg 1920w\" sizes=\"(max-width: 225px) 100vw, 225px\" \/><\/a> <a href=\"https:\/\/corcouesurlogne-ecole.fr\/wp-content\/uploads\/2025\/05\/1743412425124-scaled.jpg\"><img loading=\"lazy\" decoding=\"async\" class=\"size-medium wp-image-12357 alignleft\" src=\"https:\/\/corcouesurlogne-ecole.fr\/wp-content\/uploads\/2025\/05\/1743412425124-225x300.jpg\" alt=\"\" width=\"225\" height=\"300\" srcset=\"https:\/\/corcouesurlogne-ecole.fr\/wp-content\/uploads\/2025\/05\/1743412425124-225x300.jpg 225w, https:\/\/corcouesurlogne-ecole.fr\/wp-content\/uploads\/2025\/05\/1743412425124-768x1024.jpg 768w, https:\/\/corcouesurlogne-ecole.fr\/wp-content\/uploads\/2025\/05\/1743412425124-1152x1536.jpg 1152w, https:\/\/corcouesurlogne-ecole.fr\/wp-content\/uploads\/2025\/05\/1743412425124-1536x2048.jpg 1536w, https:\/\/corcouesurlogne-ecole.fr\/wp-content\/uploads\/2025\/05\/1743412425124-scaled.jpg 1920w\" sizes=\"(max-width: 225px) 100vw, 225px\" \/><\/a> <a href=\"https:\/\/corcouesurlogne-ecole.fr\/wp-content\/uploads\/2025\/05\/1743412425179-scaled.jpg\"><img loading=\"lazy\" decoding=\"async\" class=\"size-medium wp-image-12358 alignleft\" src=\"https:\/\/corcouesurlogne-ecole.fr\/wp-content\/uploads\/2025\/05\/1743412425179-225x300.jpg\" alt=\"\" width=\"225\" height=\"300\" srcset=\"https:\/\/corcouesurlogne-ecole.fr\/wp-content\/uploads\/2025\/05\/1743412425179-225x300.jpg 225w, https:\/\/corcouesurlogne-ecole.fr\/wp-content\/uploads\/2025\/05\/1743412425179-768x1024.jpg 768w, https:\/\/corcouesurlogne-ecole.fr\/wp-content\/uploads\/2025\/05\/1743412425179-1152x1536.jpg 1152w, https:\/\/corcouesurlogne-ecole.fr\/wp-content\/uploads\/2025\/05\/1743412425179-1536x2048.jpg 1536w, https:\/\/corcouesurlogne-ecole.fr\/wp-content\/uploads\/2025\/05\/1743412425179-scaled.jpg 1920w\" sizes=\"(max-width: 225px) 100vw, 225px\" \/><\/a><\/p>\n","protected":false},"excerpt":{"rendered":"<p>Comme chaque ann\u00e9e, les \u00e9l\u00e8ves de l\u2019\u00e9cole Saint Yves ont eu la chance de b\u00e9n\u00e9ficier d\u2019une intervention autour des premiers secours, anim\u00e9e par Anthony, pompier \u00e0 Leg\u00e9.&nbsp;Cette rencontre, toujours tr\u00e8s attendue, a permis \u00e0 tous les \u00e9l\u00e8ves, de la maternelle au CM2, de s\u2019initier ou de se rappeler les gestes essentiels qui peuvent sauver des<\/p>\n<p><a href=\"https:\/\/corcouesurlogne-ecole.fr\/?p=12354\" class=\"more-link themebutton\">Lire la suite<\/a><\/p>\n","protected":false},"author":21,"featured_media":12359,"comment_status":"closed","ping_status":"closed","sticky":false,"template":"","format":"standard","meta":{"ngg_post_thumbnail":0,"footnotes":""},"categories":[7],"tags":[],"_links":{"self":[{"href":"https:\/\/corcouesurlogne-ecole.fr\/index.php?rest_route=\/wp\/v2\/posts\/12354"}],"collection":[{"href":"https:\/\/corcouesurlogne-ecole.fr\/index.php?rest_route=\/wp\/v2\/posts"}],"about":[{"href":"https:\/\/corcouesurlogne-ecole.fr\/index.php?rest_route=\/wp\/v2\/types\/post"}],"author":[{"embeddable":true,"href":"https:\/\/corcouesurlogne-ecole.fr\/index.php?rest_route=\/wp\/v2\/users\/21"}],"replies":[{"embeddable":true,"href":"https:\/\/corcouesurlogne-ecole.fr\/index.php?rest_route=%2Fwp%2Fv2%2Fcomments&post=12354"}],"version-history":[{"count":1,"href":"https:\/\/corcouesurlogne-ecole.fr\/index.php?rest_route=\/wp\/v2\/posts\/12354\/revisions"}],"predecessor-version":[{"id":12360,"href":"https:\/\/corcouesurlogne-ecole.fr\/index.php?rest_route=\/wp\/v2\/posts\/12354\/revisions\/12360"}],"wp:featuredmedia":[{"embeddable":true,"href":"https:\/\/corcouesurlogne-ecole.fr\/index.php?rest_route=\/wp\/v2\/media\/12359"}],"wp:attachment":[{"href":"https:\/\/corcouesurlogne-ecole.fr\/index.php?rest_route=%2Fwp%2Fv2%2Fmedia&parent=12354"}],"wp:term":[{"taxonomy":"category","embeddable":true,"href":"https:\/\/corcouesurlogne-ecole.fr\/index.php?rest_route=%2Fwp%2Fv2%2Fcategories&post=12354"},{"taxonomy":"post_tag","embeddable":true,"href":"https:\/\/corcouesurlogne-ecole.fr\/index.php?rest_route=%2Fwp%2Fv2%2Ftags&post=12354"}],"curies":[{"name":"wp","href":"https:\/\/api.w.org\/{rel}","templated":true}]}}