{"id":12351,"date":"2025-04-25T20:03:40","date_gmt":"2025-04-25T19:03:40","guid":{"rendered":"https:\/\/corcouesurlogne-ecole.fr\/?p=12351"},"modified":"2025-05-25T20:28:13","modified_gmt":"2025-05-25T19:28:13","slug":"des-cours-de-recreation-transformees-a-lecole-saint-yves","status":"publish","type":"post","link":"https:\/\/corcouesurlogne-ecole.fr\/?p=12351","title":{"rendered":"Des cours de r\u00e9cr\u00e9ation transform\u00e9es \u00e0 l\u2019\u00e9cole Saint Yves"},"content":{"rendered":"<p>C\u2019est avec un \u00e9merveillement non dissimul\u00e9 que les \u00e9l\u00e8ves de Saint Yves ont d\u00e9couvert leurs cours de r\u00e9cr\u00e9ation au retour des vacances de printemps. Ce projet lanc\u00e9 l\u2019ann\u00e9e derni\u00e8re r\u00e9sulte d\u2019un travail collectif men\u00e9 avec tous les membres de la communaut\u00e9 \u00e9ducative.<\/p>\n<p>Les \u00e9l\u00e8ves de maternelle s\u2019\u00e9lancent avec entrain sur le nouveau circuit v\u00e9lo. Quelques s\u00e9ances de code ont \u00e9t\u00e9 n\u00e9cessaires pour appr\u00e9hender le sens de circulation et les panneaux&nbsp;! Sur l\u2019aire ludique, ils perfectionnent leur \u00e9quilibre, leur agilit\u00e9 \u00e0 grimper et leur dext\u00e9rit\u00e9 pour passer de liane en liane. Les r\u00e8gles de la marelle n\u2019ont plus de secret pour eux.<\/p>\n<p><em><a href=\"https:\/\/corcouesurlogne-ecole.fr\/wp-content\/uploads\/2025\/05\/BIC-4-cour-maternelle.jpg\"><img loading=\"lazy\" decoding=\"async\" class=\"aligncenter  wp-image-12338\" src=\"https:\/\/corcouesurlogne-ecole.fr\/wp-content\/uploads\/2025\/05\/BIC-4-cour-maternelle-300x212.jpg\" alt=\"\" width=\"335\" height=\"237\" srcset=\"https:\/\/corcouesurlogne-ecole.fr\/wp-content\/uploads\/2025\/05\/BIC-4-cour-maternelle-300x212.jpg 300w, https:\/\/corcouesurlogne-ecole.fr\/wp-content\/uploads\/2025\/05\/BIC-4-cour-maternelle-1024x724.jpg 1024w, https:\/\/corcouesurlogne-ecole.fr\/wp-content\/uploads\/2025\/05\/BIC-4-cour-maternelle-768x543.jpg 768w, https:\/\/corcouesurlogne-ecole.fr\/wp-content\/uploads\/2025\/05\/BIC-4-cour-maternelle-1536x1086.jpg 1536w, https:\/\/corcouesurlogne-ecole.fr\/wp-content\/uploads\/2025\/05\/BIC-4-cour-maternelle.jpg 2000w\" sizes=\"(max-width: 335px) 100vw, 335px\" \/><\/a><\/em><\/p>\n<p>Les plus grands, quant \u00e0 eux, profitent sur leur cour d\u2019une grande structure de jeux qui permet l\u2019escalade, les suspensions ou encore le fameux \u00ab cochon pendu&nbsp;\u00bb. La cible et la marelle compl\u00e8tent les jeux d\u00e9j\u00e0 pr\u00e9sents sur la cour (bac \u00e0 sable, \u00e9chasses, p\u00e9dalos, bascules) en plus des jeux de ballon.<\/p>\n<p>Autre nouveaut\u00e9 : la nature s\u2019invite dans la cour avec de nombreuses plantations. Les enfants prennent plaisir \u00e0 observer la biodiversit\u00e9 se d\u00e9velopper, curieux de voir pousser les v\u00e9g\u00e9taux plant\u00e9s.<\/p>\n<p><a href=\"https:\/\/corcouesurlogne-ecole.fr\/wp-content\/uploads\/2025\/05\/BIC-4-cour-elementaire.jpg\"><img loading=\"lazy\" decoding=\"async\" class=\"aligncenter  wp-image-12337\" src=\"https:\/\/corcouesurlogne-ecole.fr\/wp-content\/uploads\/2025\/05\/BIC-4-cour-elementaire-300x212.jpg\" alt=\"\" width=\"347\" height=\"245\" srcset=\"https:\/\/corcouesurlogne-ecole.fr\/wp-content\/uploads\/2025\/05\/BIC-4-cour-elementaire-300x212.jpg 300w, https:\/\/corcouesurlogne-ecole.fr\/wp-content\/uploads\/2025\/05\/BIC-4-cour-elementaire-1024x724.jpg 1024w, https:\/\/corcouesurlogne-ecole.fr\/wp-content\/uploads\/2025\/05\/BIC-4-cour-elementaire-768x543.jpg 768w, https:\/\/corcouesurlogne-ecole.fr\/wp-content\/uploads\/2025\/05\/BIC-4-cour-elementaire-1536x1086.jpg 1536w, https:\/\/corcouesurlogne-ecole.fr\/wp-content\/uploads\/2025\/05\/BIC-4-cour-elementaire.jpg 2000w\" sizes=\"(max-width: 347px) 100vw, 347px\" \/><\/a><\/p>\n<p>Ces am\u00e9nagements visent \u00e0 offrir un cadre de vie plus agr\u00e9able aux \u00e9l\u00e8ves, favorisant leur bien-\u00eatre et la qualit\u00e9 des relations entre eux. Une initiative salu\u00e9e par tous, petits et grands !<\/p>\n<p>L\u2019OGEC de l\u2019\u00e9cole Saint Yves (Organisme de Gestion de l\u2019Enseignement Catholique) tient \u00e0 remercier chaleureusement l\u2019ensemble des parents pr\u00e9sents et des membres des associations pour leur engagement dans la pr\u00e9paration du chantier de r\u00e9am\u00e9nagement de l\u2019\u00e9cole. Afin de poursuivre ce beau projet, un appel aux dons et m\u00e9c\u00e9nat d\u2019entreprise est ouvert \u00e0 tous. Chaque contribution, m\u00eame modeste, compte et participe concr\u00e8tement \u00e0 l\u2019am\u00e9lioration du cadre de vie des \u00e9l\u00e8ves.<\/p>\n<p>\u00c0 noter : les dons sont \u00e9ligibles \u00e0 une r\u00e9duction d\u2019imp\u00f4t. &nbsp;<\/p>\n<p><em>Liens utiles :<\/em> <a href=\"http:\/\/www.soutenir.ec44.fr\"><em>www.soutenir.ec44.fr<\/em><\/a><\/p>\n<p><a href=\"https:\/\/corcouesurlogne-ecole.fr\/wp-content\/uploads\/2025\/05\/BIC-4-cour-de-recreation.png\"><img loading=\"lazy\" decoding=\"async\" class=\"aligncenter size-full wp-image-12333\" src=\"https:\/\/corcouesurlogne-ecole.fr\/wp-content\/uploads\/2025\/05\/BIC-4-cour-de-recreation.png\" alt=\"\" width=\"150\" height=\"150\"><\/a><\/p>\n","protected":false},"excerpt":{"rendered":"<p>C\u2019est avec un \u00e9merveillement non dissimul\u00e9 que les \u00e9l\u00e8ves de Saint Yves ont d\u00e9couvert leurs cours de r\u00e9cr\u00e9ation au retour des vacances de printemps. Ce projet lanc\u00e9 l\u2019ann\u00e9e derni\u00e8re r\u00e9sulte d\u2019un travail collectif men\u00e9 avec tous les membres de la communaut\u00e9 \u00e9ducative. Les \u00e9l\u00e8ves de maternelle s\u2019\u00e9lancent avec entrain sur le nouveau circuit v\u00e9lo. Quelques<\/p>\n<p><a href=\"https:\/\/corcouesurlogne-ecole.fr\/?p=12351\" class=\"more-link themebutton\">Lire la suite<\/a><\/p>\n","protected":false},"author":21,"featured_media":12352,"comment_status":"closed","ping_status":"closed","sticky":false,"template":"","format":"standard","meta":{"ngg_post_thumbnail":0,"footnotes":""},"categories":[26],"tags":[],"_links":{"self":[{"href":"https:\/\/corcouesurlogne-ecole.fr\/index.php?rest_route=\/wp\/v2\/posts\/12351"}],"collection":[{"href":"https:\/\/corcouesurlogne-ecole.fr\/index.php?rest_route=\/wp\/v2\/posts"}],"about":[{"href":"https:\/\/corcouesurlogne-ecole.fr\/index.php?rest_route=\/wp\/v2\/types\/post"}],"author":[{"embeddable":true,"href":"https:\/\/corcouesurlogne-ecole.fr\/index.php?rest_route=\/wp\/v2\/users\/21"}],"replies":[{"embeddable":true,"href":"https:\/\/corcouesurlogne-ecole.fr\/index.php?rest_route=%2Fwp%2Fv2%2Fcomments&post=12351"}],"version-history":[{"count":1,"href":"https:\/\/corcouesurlogne-ecole.fr\/index.php?rest_route=\/wp\/v2\/posts\/12351\/revisions"}],"predecessor-version":[{"id":12353,"href":"https:\/\/corcouesurlogne-ecole.fr\/index.php?rest_route=\/wp\/v2\/posts\/12351\/revisions\/12353"}],"wp:featuredmedia":[{"embeddable":true,"href":"https:\/\/corcouesurlogne-ecole.fr\/index.php?rest_route=\/wp\/v2\/media\/12352"}],"wp:attachment":[{"href":"https:\/\/corcouesurlogne-ecole.fr\/index.php?rest_route=%2Fwp%2Fv2%2Fmedia&parent=12351"}],"wp:term":[{"taxonomy":"category","embeddable":true,"href":"https:\/\/corcouesurlogne-ecole.fr\/index.php?rest_route=%2Fwp%2Fv2%2Fcategories&post=12351"},{"taxonomy":"post_tag","embeddable":true,"href":"https:\/\/corcouesurlogne-ecole.fr\/index.php?rest_route=%2Fwp%2Fv2%2Ftags&post=12351"}],"curies":[{"name":"wp","href":"https:\/\/api.w.org\/{rel}","templated":true}]}}