{"id":12345,"date":"2025-03-30T19:56:08","date_gmt":"2025-03-30T18:56:08","guid":{"rendered":"https:\/\/corcouesurlogne-ecole.fr\/?p=12345"},"modified":"2025-05-25T20:02:55","modified_gmt":"2025-05-25T19:02:55","slug":"le-carnaval-2","status":"publish","type":"post","link":"https:\/\/corcouesurlogne-ecole.fr\/?p=12345","title":{"rendered":"Le Carnaval"},"content":{"rendered":"<p>Samedi 29 mars 2025, les \u00e9l\u00e8ves et les maitresses de l&rsquo;\u00e9cole se sont d\u00e9guis\u00e9s pour d\u00e9filer dans les rues&nbsp; de Corcou\u00e9.<\/p>\n<p>Le soleil \u00e9tait au rendez-vous, les parents aussi.<\/p>\n<p>Merci \u00e0 l&rsquo;APEL pour leur stand qui a r\u00e9gal\u00e9 petits et grands.<\/p>\n<p style=\"text-align: left;\"><a href=\"https:\/\/corcouesurlogne-ecole.fr\/wp-content\/uploads\/2025\/05\/IMG-20250331-WA0007.jpg\"><img loading=\"lazy\" decoding=\"async\" class=\"size-medium wp-image-12346 alignleft\" src=\"https:\/\/corcouesurlogne-ecole.fr\/wp-content\/uploads\/2025\/05\/IMG-20250331-WA0007-300x225.jpg\" alt=\"\" width=\"300\" height=\"225\" srcset=\"https:\/\/corcouesurlogne-ecole.fr\/wp-content\/uploads\/2025\/05\/IMG-20250331-WA0007-300x225.jpg 300w, https:\/\/corcouesurlogne-ecole.fr\/wp-content\/uploads\/2025\/05\/IMG-20250331-WA0007-1024x768.jpg 1024w, https:\/\/corcouesurlogne-ecole.fr\/wp-content\/uploads\/2025\/05\/IMG-20250331-WA0007-768x576.jpg 768w, https:\/\/corcouesurlogne-ecole.fr\/wp-content\/uploads\/2025\/05\/IMG-20250331-WA0007-1536x1152.jpg 1536w, https:\/\/corcouesurlogne-ecole.fr\/wp-content\/uploads\/2025\/05\/IMG-20250331-WA0007.jpg 1600w\" sizes=\"(max-width: 300px) 100vw, 300px\" \/><\/a> <a href=\"https:\/\/corcouesurlogne-ecole.fr\/wp-content\/uploads\/2025\/05\/IMG-20250331-WA0004.jpg\"><img loading=\"lazy\" decoding=\"async\" class=\"size-medium wp-image-12347 alignleft\" src=\"https:\/\/corcouesurlogne-ecole.fr\/wp-content\/uploads\/2025\/05\/IMG-20250331-WA0004-300x225.jpg\" alt=\"\" width=\"300\" height=\"225\" srcset=\"https:\/\/corcouesurlogne-ecole.fr\/wp-content\/uploads\/2025\/05\/IMG-20250331-WA0004-300x225.jpg 300w, https:\/\/corcouesurlogne-ecole.fr\/wp-content\/uploads\/2025\/05\/IMG-20250331-WA0004-1024x768.jpg 1024w, https:\/\/corcouesurlogne-ecole.fr\/wp-content\/uploads\/2025\/05\/IMG-20250331-WA0004-768x576.jpg 768w, https:\/\/corcouesurlogne-ecole.fr\/wp-content\/uploads\/2025\/05\/IMG-20250331-WA0004-1536x1152.jpg 1536w, https:\/\/corcouesurlogne-ecole.fr\/wp-content\/uploads\/2025\/05\/IMG-20250331-WA0004.jpg 1600w\" sizes=\"(max-width: 300px) 100vw, 300px\" \/><\/a> <a href=\"https:\/\/corcouesurlogne-ecole.fr\/wp-content\/uploads\/2025\/05\/IMG-20250331-WA0003.jpg\"><img loading=\"lazy\" decoding=\"async\" class=\"size-medium wp-image-12348 alignleft\" src=\"https:\/\/corcouesurlogne-ecole.fr\/wp-content\/uploads\/2025\/05\/IMG-20250331-WA0003-300x225.jpg\" alt=\"\" width=\"300\" height=\"225\" srcset=\"https:\/\/corcouesurlogne-ecole.fr\/wp-content\/uploads\/2025\/05\/IMG-20250331-WA0003-300x225.jpg 300w, https:\/\/corcouesurlogne-ecole.fr\/wp-content\/uploads\/2025\/05\/IMG-20250331-WA0003-1024x768.jpg 1024w, https:\/\/corcouesurlogne-ecole.fr\/wp-content\/uploads\/2025\/05\/IMG-20250331-WA0003-768x576.jpg 768w, https:\/\/corcouesurlogne-ecole.fr\/wp-content\/uploads\/2025\/05\/IMG-20250331-WA0003-1536x1152.jpg 1536w, https:\/\/corcouesurlogne-ecole.fr\/wp-content\/uploads\/2025\/05\/IMG-20250331-WA0003.jpg 1600w\" sizes=\"(max-width: 300px) 100vw, 300px\" \/><\/a> <a href=\"https:\/\/corcouesurlogne-ecole.fr\/wp-content\/uploads\/2025\/05\/carnaval.jpg\"><img loading=\"lazy\" decoding=\"async\" class=\"aligncenter  wp-image-12349\" src=\"https:\/\/corcouesurlogne-ecole.fr\/wp-content\/uploads\/2025\/05\/carnaval-300x168.jpg\" alt=\"\" width=\"425\" height=\"238\" srcset=\"https:\/\/corcouesurlogne-ecole.fr\/wp-content\/uploads\/2025\/05\/carnaval-300x168.jpg 300w, https:\/\/corcouesurlogne-ecole.fr\/wp-content\/uploads\/2025\/05\/carnaval-1024x574.jpg 1024w, https:\/\/corcouesurlogne-ecole.fr\/wp-content\/uploads\/2025\/05\/carnaval-768x431.jpg 768w, https:\/\/corcouesurlogne-ecole.fr\/wp-content\/uploads\/2025\/05\/carnaval-1536x861.jpg 1536w, https:\/\/corcouesurlogne-ecole.fr\/wp-content\/uploads\/2025\/05\/carnaval.jpg 1600w\" sizes=\"(max-width: 425px) 100vw, 425px\" \/><\/a><\/p>\n","protected":false},"excerpt":{"rendered":"<p>Samedi 29 mars 2025, les \u00e9l\u00e8ves et les maitresses de l&rsquo;\u00e9cole se sont d\u00e9guis\u00e9s pour d\u00e9filer dans les rues&nbsp; de Corcou\u00e9. Le soleil \u00e9tait au rendez-vous, les parents aussi. Merci \u00e0 l&rsquo;APEL pour leur stand qui a r\u00e9gal\u00e9 petits et grands.<\/p>\n","protected":false},"author":21,"featured_media":12346,"comment_status":"closed","ping_status":"closed","sticky":false,"template":"","format":"standard","meta":{"ngg_post_thumbnail":0,"footnotes":""},"categories":[26],"tags":[],"_links":{"self":[{"href":"https:\/\/corcouesurlogne-ecole.fr\/index.php?rest_route=\/wp\/v2\/posts\/12345"}],"collection":[{"href":"https:\/\/corcouesurlogne-ecole.fr\/index.php?rest_route=\/wp\/v2\/posts"}],"about":[{"href":"https:\/\/corcouesurlogne-ecole.fr\/index.php?rest_route=\/wp\/v2\/types\/post"}],"author":[{"embeddable":true,"href":"https:\/\/corcouesurlogne-ecole.fr\/index.php?rest_route=\/wp\/v2\/users\/21"}],"replies":[{"embeddable":true,"href":"https:\/\/corcouesurlogne-ecole.fr\/index.php?rest_route=%2Fwp%2Fv2%2Fcomments&post=12345"}],"version-history":[{"count":1,"href":"https:\/\/corcouesurlogne-ecole.fr\/index.php?rest_route=\/wp\/v2\/posts\/12345\/revisions"}],"predecessor-version":[{"id":12350,"href":"https:\/\/corcouesurlogne-ecole.fr\/index.php?rest_route=\/wp\/v2\/posts\/12345\/revisions\/12350"}],"wp:featuredmedia":[{"embeddable":true,"href":"https:\/\/corcouesurlogne-ecole.fr\/index.php?rest_route=\/wp\/v2\/media\/12346"}],"wp:attachment":[{"href":"https:\/\/corcouesurlogne-ecole.fr\/index.php?rest_route=%2Fwp%2Fv2%2Fmedia&parent=12345"}],"wp:term":[{"taxonomy":"category","embeddable":true,"href":"https:\/\/corcouesurlogne-ecole.fr\/index.php?rest_route=%2Fwp%2Fv2%2Fcategories&post=12345"},{"taxonomy":"post_tag","embeddable":true,"href":"https:\/\/corcouesurlogne-ecole.fr\/index.php?rest_route=%2Fwp%2Fv2%2Ftags&post=12345"}],"curies":[{"name":"wp","href":"https:\/\/api.w.org\/{rel}","templated":true}]}}