{"id":12232,"date":"2025-01-26T12:24:22","date_gmt":"2025-01-26T11:24:22","guid":{"rendered":"https:\/\/corcouesurlogne-ecole.fr\/?p=12232"},"modified":"2025-03-07T22:31:20","modified_gmt":"2025-03-07T21:31:20","slug":"bonne-annee-2","status":"publish","type":"post","link":"https:\/\/corcouesurlogne-ecole.fr\/?p=12232","title":{"rendered":"Bonne ann\u00e9e"},"content":{"rendered":"<p>En ce d\u00e9but d&rsquo;ann\u00e9e, nous avons r\u00e9alis\u00e9 une carte de v\u0153ux.<\/p>\n<p>Pour le dessus de la carte, les enfants ont r\u00e9alis\u00e9 des graphismes au crayon argent\u00e9 ou dor\u00e9. Ils ont ensuite d\u00e9coup\u00e9 la feuille en petits carr\u00e9s qu\u2019ils ont coll\u00e9s sur la carte. A l\u2019int\u00e9rieur ils ont coll\u00e9 le po\u00e8me et \u00e9crit BONNE ANNEE ainsi que leur pr\u00e9nom.<\/p>\n<p><a href=\"https:\/\/corcouesurlogne-ecole.fr\/wp-content\/uploads\/2025\/03\/1738654044294-scaled-e1741382987547.jpg\"><img loading=\"lazy\" decoding=\"async\" class=\"aligncenter  wp-image-12234\" src=\"https:\/\/corcouesurlogne-ecole.fr\/wp-content\/uploads\/2025\/03\/1738654044294-scaled-e1741382987547-1024x768.jpg\" alt=\"\" width=\"367\" height=\"275\" srcset=\"https:\/\/corcouesurlogne-ecole.fr\/wp-content\/uploads\/2025\/03\/1738654044294-scaled-e1741382987547-1024x768.jpg 1024w, https:\/\/corcouesurlogne-ecole.fr\/wp-content\/uploads\/2025\/03\/1738654044294-scaled-e1741382987547-300x225.jpg 300w, https:\/\/corcouesurlogne-ecole.fr\/wp-content\/uploads\/2025\/03\/1738654044294-scaled-e1741382987547-768x576.jpg 768w, https:\/\/corcouesurlogne-ecole.fr\/wp-content\/uploads\/2025\/03\/1738654044294-scaled-e1741382987547-1536x1152.jpg 1536w, https:\/\/corcouesurlogne-ecole.fr\/wp-content\/uploads\/2025\/03\/1738654044294-scaled-e1741382987547-2048x1536.jpg 2048w\" sizes=\"(max-width: 367px) 100vw, 367px\" \/><\/a><\/p>\n<p>Nous avons choisi notre destinataire. Nous sommes ensuite pass\u00e9 entre les gouttes pour aller poster la carte.<\/p>\n<p><a href=\"https:\/\/corcouesurlogne-ecole.fr\/wp-content\/uploads\/2025\/03\/1738654044290-scaled.jpg\"><img loading=\"lazy\" decoding=\"async\" class=\"aligncenter  wp-image-12233\" src=\"https:\/\/corcouesurlogne-ecole.fr\/wp-content\/uploads\/2025\/03\/1738654044290-1024x768.jpg\" alt=\"\" width=\"287\" height=\"215\" srcset=\"https:\/\/corcouesurlogne-ecole.fr\/wp-content\/uploads\/2025\/03\/1738654044290-1024x768.jpg 1024w, https:\/\/corcouesurlogne-ecole.fr\/wp-content\/uploads\/2025\/03\/1738654044290-300x225.jpg 300w, https:\/\/corcouesurlogne-ecole.fr\/wp-content\/uploads\/2025\/03\/1738654044290-768x576.jpg 768w, https:\/\/corcouesurlogne-ecole.fr\/wp-content\/uploads\/2025\/03\/1738654044290-1536x1152.jpg 1536w, https:\/\/corcouesurlogne-ecole.fr\/wp-content\/uploads\/2025\/03\/1738654044290-2048x1536.jpg 2048w\" sizes=\"(max-width: 287px) 100vw, 287px\" \/><\/a><\/p>\n","protected":false},"excerpt":{"rendered":"<p>En ce d\u00e9but d&rsquo;ann\u00e9e, nous avons r\u00e9alis\u00e9 une carte de v\u0153ux. Pour le dessus de la carte, les enfants ont r\u00e9alis\u00e9 des graphismes au crayon argent\u00e9 ou dor\u00e9. Ils ont ensuite d\u00e9coup\u00e9 la feuille en petits carr\u00e9s qu\u2019ils ont coll\u00e9s sur la carte. A l\u2019int\u00e9rieur ils ont coll\u00e9 le po\u00e8me et \u00e9crit BONNE ANNEE ainsi<\/p>\n<p><a href=\"https:\/\/corcouesurlogne-ecole.fr\/?p=12232\" class=\"more-link themebutton\">Lire la suite<\/a><\/p>\n","protected":false},"author":21,"featured_media":12234,"comment_status":"closed","ping_status":"closed","sticky":false,"template":"","format":"standard","meta":{"ngg_post_thumbnail":0,"footnotes":""},"categories":[7],"tags":[],"_links":{"self":[{"href":"https:\/\/corcouesurlogne-ecole.fr\/index.php?rest_route=\/wp\/v2\/posts\/12232"}],"collection":[{"href":"https:\/\/corcouesurlogne-ecole.fr\/index.php?rest_route=\/wp\/v2\/posts"}],"about":[{"href":"https:\/\/corcouesurlogne-ecole.fr\/index.php?rest_route=\/wp\/v2\/types\/post"}],"author":[{"embeddable":true,"href":"https:\/\/corcouesurlogne-ecole.fr\/index.php?rest_route=\/wp\/v2\/users\/21"}],"replies":[{"embeddable":true,"href":"https:\/\/corcouesurlogne-ecole.fr\/index.php?rest_route=%2Fwp%2Fv2%2Fcomments&post=12232"}],"version-history":[{"count":1,"href":"https:\/\/corcouesurlogne-ecole.fr\/index.php?rest_route=\/wp\/v2\/posts\/12232\/revisions"}],"predecessor-version":[{"id":12235,"href":"https:\/\/corcouesurlogne-ecole.fr\/index.php?rest_route=\/wp\/v2\/posts\/12232\/revisions\/12235"}],"wp:featuredmedia":[{"embeddable":true,"href":"https:\/\/corcouesurlogne-ecole.fr\/index.php?rest_route=\/wp\/v2\/media\/12234"}],"wp:attachment":[{"href":"https:\/\/corcouesurlogne-ecole.fr\/index.php?rest_route=%2Fwp%2Fv2%2Fmedia&parent=12232"}],"wp:term":[{"taxonomy":"category","embeddable":true,"href":"https:\/\/corcouesurlogne-ecole.fr\/index.php?rest_route=%2Fwp%2Fv2%2Fcategories&post=12232"},{"taxonomy":"post_tag","embeddable":true,"href":"https:\/\/corcouesurlogne-ecole.fr\/index.php?rest_route=%2Fwp%2Fv2%2Ftags&post=12232"}],"curies":[{"name":"wp","href":"https:\/\/api.w.org\/{rel}","templated":true}]}}