{"id":12167,"date":"2025-01-19T12:14:47","date_gmt":"2025-01-19T11:14:47","guid":{"rendered":"https:\/\/corcouesurlogne-ecole.fr\/?p=12167"},"modified":"2025-01-19T12:14:47","modified_gmt":"2025-01-19T11:14:47","slug":"visite-a-lehpad","status":"publish","type":"post","link":"https:\/\/corcouesurlogne-ecole.fr\/?p=12167","title":{"rendered":"Visite \u00e0 l&rsquo;EHPAD"},"content":{"rendered":"<p>Mardi 14 janvier, nous sommes all\u00e9s \u00e0 pied \u00e0 la maison de retraite de Corcou\u00e9 sur Logne. C&rsquo;\u00e9tait l&rsquo;occasion de chanter et de partager un go\u00fbter avec des r\u00e9sidents de L&rsquo;EHPAD. Nous avons bien appr\u00e9ci\u00e9 l&rsquo;accueil des personnes \u00e2g\u00e9es.<\/p>\n<p>Nous avons h\u00e2te d&rsquo;y retourner.<\/p>\n<p style=\"text-align: left\"><a href=\"https:\/\/corcouesurlogne-ecole.fr\/wp-content\/uploads\/2025\/01\/image0000031001.jpg\"><img loading=\"lazy\" decoding=\"async\" class=\"alignnone size-medium wp-image-12168\" src=\"https:\/\/corcouesurlogne-ecole.fr\/wp-content\/uploads\/2025\/01\/image0000031001-300x139.jpg\" alt=\"\" width=\"300\" height=\"139\" srcset=\"https:\/\/corcouesurlogne-ecole.fr\/wp-content\/uploads\/2025\/01\/image0000031001-300x139.jpg 300w, https:\/\/corcouesurlogne-ecole.fr\/wp-content\/uploads\/2025\/01\/image0000031001-768x355.jpg 768w, https:\/\/corcouesurlogne-ecole.fr\/wp-content\/uploads\/2025\/01\/image0000031001.jpg 798w\" sizes=\"(max-width: 300px) 100vw, 300px\" \/><\/a><\/p>\n","protected":false},"excerpt":{"rendered":"<p>Mardi 14 janvier, nous sommes all\u00e9s \u00e0 pied \u00e0 la maison de retraite de Corcou\u00e9 sur Logne. C&rsquo;\u00e9tait l&rsquo;occasion de chanter et de partager un go\u00fbter avec des r\u00e9sidents de L&rsquo;EHPAD. Nous avons bien appr\u00e9ci\u00e9 l&rsquo;accueil des personnes \u00e2g\u00e9es. Nous avons h\u00e2te d&rsquo;y retourner.<\/p>\n","protected":false},"author":9,"featured_media":0,"comment_status":"closed","ping_status":"closed","sticky":false,"template":"","format":"standard","meta":{"ngg_post_thumbnail":0,"footnotes":""},"categories":[30],"tags":[],"_links":{"self":[{"href":"https:\/\/corcouesurlogne-ecole.fr\/index.php?rest_route=\/wp\/v2\/posts\/12167"}],"collection":[{"href":"https:\/\/corcouesurlogne-ecole.fr\/index.php?rest_route=\/wp\/v2\/posts"}],"about":[{"href":"https:\/\/corcouesurlogne-ecole.fr\/index.php?rest_route=\/wp\/v2\/types\/post"}],"author":[{"embeddable":true,"href":"https:\/\/corcouesurlogne-ecole.fr\/index.php?rest_route=\/wp\/v2\/users\/9"}],"replies":[{"embeddable":true,"href":"https:\/\/corcouesurlogne-ecole.fr\/index.php?rest_route=%2Fwp%2Fv2%2Fcomments&post=12167"}],"version-history":[{"count":1,"href":"https:\/\/corcouesurlogne-ecole.fr\/index.php?rest_route=\/wp\/v2\/posts\/12167\/revisions"}],"predecessor-version":[{"id":12169,"href":"https:\/\/corcouesurlogne-ecole.fr\/index.php?rest_route=\/wp\/v2\/posts\/12167\/revisions\/12169"}],"wp:attachment":[{"href":"https:\/\/corcouesurlogne-ecole.fr\/index.php?rest_route=%2Fwp%2Fv2%2Fmedia&parent=12167"}],"wp:term":[{"taxonomy":"category","embeddable":true,"href":"https:\/\/corcouesurlogne-ecole.fr\/index.php?rest_route=%2Fwp%2Fv2%2Fcategories&post=12167"},{"taxonomy":"post_tag","embeddable":true,"href":"https:\/\/corcouesurlogne-ecole.fr\/index.php?rest_route=%2Fwp%2Fv2%2Ftags&post=12167"}],"curies":[{"name":"wp","href":"https:\/\/api.w.org\/{rel}","templated":true}]}}