{"id":12021,"date":"2024-10-04T17:02:40","date_gmt":"2024-10-04T16:02:40","guid":{"rendered":"https:\/\/corcouesurlogne-ecole.fr\/?p=12021"},"modified":"2024-10-24T17:06:47","modified_gmt":"2024-10-24T16:06:47","slug":"nettoyons-la-nature-2","status":"publish","type":"post","link":"https:\/\/corcouesurlogne-ecole.fr\/?p=12021","title":{"rendered":"Nettoyons la nature !"},"content":{"rendered":"<p>Fin septembre&nbsp;les \u00e9l\u00e8ves de l\u2019\u00e9cole St Yves de Corcou\u00e9-sur-Logne se sont mobilis\u00e9s pour une action \u00e9cologique appel\u00e9e \u00ab Nettoyons la nature ! \u00bb. \u00c9quip\u00e9s de gants, de bottes et de sacs poubelles, les classes se sont r\u00e9parti diff\u00e9rentes zones proches de l\u2019\u00e9cole pour ramasser les d\u00e9chets laiss\u00e9s dans la nature.&nbsp;<\/p>\n<p>Cette mobilisation a \u00e9t\u00e9 l&rsquo;occasion de mettre en place le premier parrainage de l&rsquo;ann\u00e9e. L&rsquo;\u00e9quipe p\u00e9dagogique souhaite que les \u00e9l\u00e8ves vivent une exp\u00e9rience fraternelle entre eux. Les \u00e9l\u00e8ves de CM2 accompagnaient les CP. Les CM1&nbsp;\u00e9taient en bin\u00f4me avec les GS. Les CE2 s&rsquo;occupaient des MS et les CE1 parrainaient&nbsp;les PS. Tout le monde a appr\u00e9ci\u00e9 ce temps de partage d&rsquo;autant plus que nous avons r\u00e9ussi \u00e0 passer entre les gouttes.&nbsp;La r\u00e9colte a \u00e9t\u00e9 peu fructueuse ce qui est une bonne chose en soi&nbsp;!<\/p>\n","protected":false},"excerpt":{"rendered":"<p>Fin septembre&nbsp;les \u00e9l\u00e8ves de l\u2019\u00e9cole St Yves de Corcou\u00e9-sur-Logne se sont mobilis\u00e9s pour une action \u00e9cologique appel\u00e9e \u00ab Nettoyons la nature ! \u00bb. \u00c9quip\u00e9s de gants, de bottes et de sacs poubelles, les classes se sont r\u00e9parti diff\u00e9rentes zones proches de l\u2019\u00e9cole pour ramasser les d\u00e9chets laiss\u00e9s dans la nature.&nbsp; Cette mobilisation a \u00e9t\u00e9 l&rsquo;occasion<\/p>\n<p><a href=\"https:\/\/corcouesurlogne-ecole.fr\/?p=12021\" class=\"more-link themebutton\">Lire la suite<\/a><\/p>\n","protected":false},"author":21,"featured_media":12022,"comment_status":"closed","ping_status":"closed","sticky":false,"template":"","format":"standard","meta":{"ngg_post_thumbnail":0,"footnotes":""},"categories":[26],"tags":[],"_links":{"self":[{"href":"https:\/\/corcouesurlogne-ecole.fr\/index.php?rest_route=\/wp\/v2\/posts\/12021"}],"collection":[{"href":"https:\/\/corcouesurlogne-ecole.fr\/index.php?rest_route=\/wp\/v2\/posts"}],"about":[{"href":"https:\/\/corcouesurlogne-ecole.fr\/index.php?rest_route=\/wp\/v2\/types\/post"}],"author":[{"embeddable":true,"href":"https:\/\/corcouesurlogne-ecole.fr\/index.php?rest_route=\/wp\/v2\/users\/21"}],"replies":[{"embeddable":true,"href":"https:\/\/corcouesurlogne-ecole.fr\/index.php?rest_route=%2Fwp%2Fv2%2Fcomments&post=12021"}],"version-history":[{"count":1,"href":"https:\/\/corcouesurlogne-ecole.fr\/index.php?rest_route=\/wp\/v2\/posts\/12021\/revisions"}],"predecessor-version":[{"id":12023,"href":"https:\/\/corcouesurlogne-ecole.fr\/index.php?rest_route=\/wp\/v2\/posts\/12021\/revisions\/12023"}],"wp:featuredmedia":[{"embeddable":true,"href":"https:\/\/corcouesurlogne-ecole.fr\/index.php?rest_route=\/wp\/v2\/media\/12022"}],"wp:attachment":[{"href":"https:\/\/corcouesurlogne-ecole.fr\/index.php?rest_route=%2Fwp%2Fv2%2Fmedia&parent=12021"}],"wp:term":[{"taxonomy":"category","embeddable":true,"href":"https:\/\/corcouesurlogne-ecole.fr\/index.php?rest_route=%2Fwp%2Fv2%2Fcategories&post=12021"},{"taxonomy":"post_tag","embeddable":true,"href":"https:\/\/corcouesurlogne-ecole.fr\/index.php?rest_route=%2Fwp%2Fv2%2Ftags&post=12021"}],"curies":[{"name":"wp","href":"https:\/\/api.w.org\/{rel}","templated":true}]}}