{"id":12017,"date":"2024-10-04T16:57:42","date_gmt":"2024-10-04T15:57:42","guid":{"rendered":"https:\/\/corcouesurlogne-ecole.fr\/?p=12017"},"modified":"2024-10-24T17:01:17","modified_gmt":"2024-10-24T16:01:17","slug":"nettoyons-la-nature","status":"publish","type":"post","link":"https:\/\/corcouesurlogne-ecole.fr\/?p=12017","title":{"rendered":"Nettoyons la nature !"},"content":{"rendered":"<p>Fin septembre, nous sommes all\u00e9s dans Corcou\u00e9 pour nettoyer la nature. Equip\u00e9s de nos gants, de nos bottes et de nos sacs poubelles, nous avons traqu\u00e9 les d\u00e9chets laiss\u00e9s dans la nature.<\/p>\n<p><a href=\"https:\/\/corcouesurlogne-ecole.fr\/wp-content\/uploads\/2024\/10\/1727646775841-scaled.jpg\"><img loading=\"lazy\" decoding=\"async\" class=\" wp-image-12018 alignleft\" src=\"https:\/\/corcouesurlogne-ecole.fr\/wp-content\/uploads\/2024\/10\/1727646775841-225x300.jpg\" alt=\"\" width=\"257\" height=\"343\" srcset=\"https:\/\/corcouesurlogne-ecole.fr\/wp-content\/uploads\/2024\/10\/1727646775841-225x300.jpg 225w, https:\/\/corcouesurlogne-ecole.fr\/wp-content\/uploads\/2024\/10\/1727646775841-768x1024.jpg 768w, https:\/\/corcouesurlogne-ecole.fr\/wp-content\/uploads\/2024\/10\/1727646775841-1152x1536.jpg 1152w, https:\/\/corcouesurlogne-ecole.fr\/wp-content\/uploads\/2024\/10\/1727646775841-1536x2048.jpg 1536w, https:\/\/corcouesurlogne-ecole.fr\/wp-content\/uploads\/2024\/10\/1727646775841-scaled.jpg 1920w\" sizes=\"(max-width: 257px) 100vw, 257px\" \/><\/a> <a href=\"https:\/\/corcouesurlogne-ecole.fr\/wp-content\/uploads\/2024\/10\/1727646775813-scaled.jpg\"><img loading=\"lazy\" decoding=\"async\" class=\"aligncenter  wp-image-12019\" src=\"https:\/\/corcouesurlogne-ecole.fr\/wp-content\/uploads\/2024\/10\/1727646775813-300x225.jpg\" alt=\"\" width=\"415\" height=\"311\" srcset=\"https:\/\/corcouesurlogne-ecole.fr\/wp-content\/uploads\/2024\/10\/1727646775813-300x225.jpg 300w, https:\/\/corcouesurlogne-ecole.fr\/wp-content\/uploads\/2024\/10\/1727646775813-1024x768.jpg 1024w, https:\/\/corcouesurlogne-ecole.fr\/wp-content\/uploads\/2024\/10\/1727646775813-768x576.jpg 768w, https:\/\/corcouesurlogne-ecole.fr\/wp-content\/uploads\/2024\/10\/1727646775813-1536x1152.jpg 1536w, https:\/\/corcouesurlogne-ecole.fr\/wp-content\/uploads\/2024\/10\/1727646775813-2048x1536.jpg 2048w\" sizes=\"(max-width: 415px) 100vw, 415px\" \/><\/a><\/p>\n<p>&nbsp;<\/p>\n<p>Nous n\u2019avons pas trouv\u00e9 beaucoup de d\u00e9chets, c\u2019est une bonne nouvelle. Nous avons quand m\u00eame ramass\u00e9 des morceaux de plastique, des canettes \u00e9cras\u00e9es, des capsules, des petits bout de verre\u2026<\/p>\n<p>Nous sommes all\u00e9s place du champs de foire, autour de la biblioth\u00e8que puis pr\u00e8s de la poste. Merci aux mamans qui nous ont accompagn\u00e9s.<\/p>\n","protected":false},"excerpt":{"rendered":"<p>Fin septembre, nous sommes all\u00e9s dans Corcou\u00e9 pour nettoyer la nature. Equip\u00e9s de nos gants, de nos bottes et de nos sacs poubelles, nous avons traqu\u00e9 les d\u00e9chets laiss\u00e9s dans la nature. &nbsp; Nous n\u2019avons pas trouv\u00e9 beaucoup de d\u00e9chets, c\u2019est une bonne nouvelle. Nous avons quand m\u00eame ramass\u00e9 des morceaux de plastique, des canettes<\/p>\n<p><a href=\"https:\/\/corcouesurlogne-ecole.fr\/?p=12017\" class=\"more-link themebutton\">Lire la suite<\/a><\/p>\n","protected":false},"author":21,"featured_media":12010,"comment_status":"closed","ping_status":"closed","sticky":false,"template":"","format":"standard","meta":{"ngg_post_thumbnail":0,"footnotes":""},"categories":[7],"tags":[],"_links":{"self":[{"href":"https:\/\/corcouesurlogne-ecole.fr\/index.php?rest_route=\/wp\/v2\/posts\/12017"}],"collection":[{"href":"https:\/\/corcouesurlogne-ecole.fr\/index.php?rest_route=\/wp\/v2\/posts"}],"about":[{"href":"https:\/\/corcouesurlogne-ecole.fr\/index.php?rest_route=\/wp\/v2\/types\/post"}],"author":[{"embeddable":true,"href":"https:\/\/corcouesurlogne-ecole.fr\/index.php?rest_route=\/wp\/v2\/users\/21"}],"replies":[{"embeddable":true,"href":"https:\/\/corcouesurlogne-ecole.fr\/index.php?rest_route=%2Fwp%2Fv2%2Fcomments&post=12017"}],"version-history":[{"count":1,"href":"https:\/\/corcouesurlogne-ecole.fr\/index.php?rest_route=\/wp\/v2\/posts\/12017\/revisions"}],"predecessor-version":[{"id":12020,"href":"https:\/\/corcouesurlogne-ecole.fr\/index.php?rest_route=\/wp\/v2\/posts\/12017\/revisions\/12020"}],"wp:featuredmedia":[{"embeddable":true,"href":"https:\/\/corcouesurlogne-ecole.fr\/index.php?rest_route=\/wp\/v2\/media\/12010"}],"wp:attachment":[{"href":"https:\/\/corcouesurlogne-ecole.fr\/index.php?rest_route=%2Fwp%2Fv2%2Fmedia&parent=12017"}],"wp:term":[{"taxonomy":"category","embeddable":true,"href":"https:\/\/corcouesurlogne-ecole.fr\/index.php?rest_route=%2Fwp%2Fv2%2Fcategories&post=12017"},{"taxonomy":"post_tag","embeddable":true,"href":"https:\/\/corcouesurlogne-ecole.fr\/index.php?rest_route=%2Fwp%2Fv2%2Ftags&post=12017"}],"curies":[{"name":"wp","href":"https:\/\/api.w.org\/{rel}","templated":true}]}}