{"id":11947,"date":"2024-12-16T19:05:37","date_gmt":"2024-12-16T18:05:37","guid":{"rendered":"https:\/\/corcouesurlogne-ecole.fr\/?p=11947"},"modified":"2024-12-16T19:05:37","modified_gmt":"2024-12-16T18:05:37","slug":"le-chant","status":"publish","type":"post","link":"https:\/\/corcouesurlogne-ecole.fr\/?p=11947","title":{"rendered":"LE CHANT"},"content":{"rendered":"<h2>Le vendredi apr\u00e8s la cat\u00e9ch\u00e8se et la culture chr\u00e9tienne, nous allons faire du chant avec Pascal ,notre professeur de chant, de 9h45 \u00e0 10h45.<\/h2>\n<h2>Il sera avec nous jusqu&rsquo;au 13 d\u00e9cembre (la veill\u00e9e de No\u00ebl). Nous nous entrainons dans la salle de motricit\u00e9 et le matin 13 d\u00e9cembre nous irons \u00e0 la \u00ab\u00a0salle bouton d&rsquo; art\u00a0\u00bb. Il\u00a0 entraine aussi les ce2 -cm1 et les cm1-cm2 (notre classe).<\/h2>\n<p>&nbsp;<\/p>\n<h2>Aliya-Manon-Mawen<\/h2>\n","protected":false},"excerpt":{"rendered":"<p>Le vendredi apr\u00e8s la cat\u00e9ch\u00e8se et la culture chr\u00e9tienne, nous allons faire du chant avec Pascal ,notre professeur de chant, de 9h45 \u00e0 10h45. Il sera avec nous jusqu&rsquo;au 13 d\u00e9cembre (la veill\u00e9e de No\u00ebl). Nous nous entrainons dans la salle de motricit\u00e9 et le matin 13 d\u00e9cembre nous irons \u00e0 la \u00ab\u00a0salle bouton d&rsquo;<\/p>\n<p><a href=\"https:\/\/corcouesurlogne-ecole.fr\/?p=11947\" class=\"more-link themebutton\">Lire la suite<\/a><\/p>\n","protected":false},"author":1,"featured_media":0,"comment_status":"closed","ping_status":"closed","sticky":false,"template":"","format":"standard","meta":{"ngg_post_thumbnail":0,"footnotes":""},"categories":[11],"tags":[],"_links":{"self":[{"href":"https:\/\/corcouesurlogne-ecole.fr\/index.php?rest_route=\/wp\/v2\/posts\/11947"}],"collection":[{"href":"https:\/\/corcouesurlogne-ecole.fr\/index.php?rest_route=\/wp\/v2\/posts"}],"about":[{"href":"https:\/\/corcouesurlogne-ecole.fr\/index.php?rest_route=\/wp\/v2\/types\/post"}],"author":[{"embeddable":true,"href":"https:\/\/corcouesurlogne-ecole.fr\/index.php?rest_route=\/wp\/v2\/users\/1"}],"replies":[{"embeddable":true,"href":"https:\/\/corcouesurlogne-ecole.fr\/index.php?rest_route=%2Fwp%2Fv2%2Fcomments&post=11947"}],"version-history":[{"count":6,"href":"https:\/\/corcouesurlogne-ecole.fr\/index.php?rest_route=\/wp\/v2\/posts\/11947\/revisions"}],"predecessor-version":[{"id":12146,"href":"https:\/\/corcouesurlogne-ecole.fr\/index.php?rest_route=\/wp\/v2\/posts\/11947\/revisions\/12146"}],"wp:attachment":[{"href":"https:\/\/corcouesurlogne-ecole.fr\/index.php?rest_route=%2Fwp%2Fv2%2Fmedia&parent=11947"}],"wp:term":[{"taxonomy":"category","embeddable":true,"href":"https:\/\/corcouesurlogne-ecole.fr\/index.php?rest_route=%2Fwp%2Fv2%2Fcategories&post=11947"},{"taxonomy":"post_tag","embeddable":true,"href":"https:\/\/corcouesurlogne-ecole.fr\/index.php?rest_route=%2Fwp%2Fv2%2Ftags&post=11947"}],"curies":[{"name":"wp","href":"https:\/\/api.w.org\/{rel}","templated":true}]}}