{"id":1193,"date":"2016-12-11T11:26:41","date_gmt":"2016-12-11T10:26:41","guid":{"rendered":"https:\/\/corcouesurlogne-ecole.fr\/?p=1193"},"modified":"2017-09-03T10:00:40","modified_gmt":"2017-09-03T09:00:40","slug":"veillee-de-noel","status":"publish","type":"post","link":"https:\/\/corcouesurlogne-ecole.fr\/?p=1193","title":{"rendered":"Veill\u00e9e de No\u00ebl"},"content":{"rendered":"<p>Vendredi soir, Touffu nous a accompagn\u00e9 \u00e0 la veill\u00e9e de No\u00ebl. Il a pu nous entendre rythmer avec nos cannes au son du piano ou du tam-tam. Il nous a entendu chant\u00e9 Les temps modernes de Charlin Chaplin (nous avons invent\u00e9 les paroles avec les CP!) , Kirikou avec les CP\/CE1, et avec les autres \u00e9l\u00e9mentaires la derni\u00e8re s\u00e9ance d&rsquo;Eddye Mitchel.<\/p>\n<p>Nous avons pass\u00e9 un excellent moment avec tout le public.<\/p>\n<p>&nbsp;<\/p>\n<div id=\"attachment_1194\" style=\"width: 310px\" class=\"wp-caption alignright\"><a href=\"https:\/\/corcouesurlogne-ecole.fr\/wp-content\/uploads\/2016\/12\/SAM_3212.jpg\"><img loading=\"lazy\" decoding=\"async\" aria-describedby=\"caption-attachment-1194\" class=\"wp-image-1194 size-medium\" src=\"https:\/\/corcouesurlogne-ecole.fr\/wp-content\/uploads\/2016\/12\/SAM_3212-300x114.jpg\" width=\"300\" height=\"114\" srcset=\"https:\/\/corcouesurlogne-ecole.fr\/wp-content\/uploads\/2016\/12\/SAM_3212-300x114.jpg 300w, https:\/\/corcouesurlogne-ecole.fr\/wp-content\/uploads\/2016\/12\/SAM_3212-768x291.jpg 768w, https:\/\/corcouesurlogne-ecole.fr\/wp-content\/uploads\/2016\/12\/SAM_3212-1024x388.jpg 1024w, https:\/\/corcouesurlogne-ecole.fr\/wp-content\/uploads\/2016\/12\/SAM_3212.jpg 2048w\" sizes=\"(max-width: 300px) 100vw, 300px\" \/><\/a><p id=\"caption-attachment-1194\" class=\"wp-caption-text\">Gestuelle pendant le chant les temps modernes<\/p><\/div>\n<div id=\"attachment_1195\" style=\"width: 310px\" class=\"wp-caption alignleft\"><a href=\"https:\/\/corcouesurlogne-ecole.fr\/wp-content\/uploads\/2016\/12\/SAM_3208.jpg\"><img loading=\"lazy\" decoding=\"async\" aria-describedby=\"caption-attachment-1195\" class=\"size-medium wp-image-1195\" src=\"https:\/\/corcouesurlogne-ecole.fr\/wp-content\/uploads\/2016\/12\/SAM_3208-300x225.jpg\" alt=\"\" width=\"300\" height=\"225\" srcset=\"https:\/\/corcouesurlogne-ecole.fr\/wp-content\/uploads\/2016\/12\/SAM_3208-300x225.jpg 300w, https:\/\/corcouesurlogne-ecole.fr\/wp-content\/uploads\/2016\/12\/SAM_3208-768x576.jpg 768w, https:\/\/corcouesurlogne-ecole.fr\/wp-content\/uploads\/2016\/12\/SAM_3208-1024x768.jpg 1024w, https:\/\/corcouesurlogne-ecole.fr\/wp-content\/uploads\/2016\/12\/SAM_3208.jpg 2048w\" sizes=\"(max-width: 300px) 100vw, 300px\" \/><\/a><p id=\"caption-attachment-1195\" class=\"wp-caption-text\">Rythme avec les cannes et le tam-tam<\/p><\/div>\n<div id=\"attachment_1197\" style=\"width: 310px\" class=\"wp-caption alignright\"><a href=\"https:\/\/corcouesurlogne-ecole.fr\/wp-content\/uploads\/2016\/12\/SAM_3210.jpg\"><img loading=\"lazy\" decoding=\"async\" aria-describedby=\"caption-attachment-1197\" class=\"wp-image-1197 size-medium\" src=\"https:\/\/corcouesurlogne-ecole.fr\/wp-content\/uploads\/2016\/12\/SAM_3210-300x225.jpg\" width=\"300\" height=\"225\" srcset=\"https:\/\/corcouesurlogne-ecole.fr\/wp-content\/uploads\/2016\/12\/SAM_3210-300x225.jpg 300w, https:\/\/corcouesurlogne-ecole.fr\/wp-content\/uploads\/2016\/12\/SAM_3210-768x576.jpg 768w, https:\/\/corcouesurlogne-ecole.fr\/wp-content\/uploads\/2016\/12\/SAM_3210-1024x768.jpg 1024w, https:\/\/corcouesurlogne-ecole.fr\/wp-content\/uploads\/2016\/12\/SAM_3210.jpg 2048w\" sizes=\"(max-width: 300px) 100vw, 300px\" \/><\/a><p id=\"caption-attachment-1197\" class=\"wp-caption-text\">D\u00e9placement sur la musique du piano<\/p><\/div>\n<div id=\"attachment_1200\" style=\"width: 310px\" class=\"wp-caption aligncenter\"><a href=\"https:\/\/corcouesurlogne-ecole.fr\/wp-content\/uploads\/2016\/12\/SAM_3225.jpg\"><img loading=\"lazy\" decoding=\"async\" aria-describedby=\"caption-attachment-1200\" class=\"wp-image-1200 size-medium\" src=\"https:\/\/corcouesurlogne-ecole.fr\/wp-content\/uploads\/2016\/12\/SAM_3225-300x225.jpg\" width=\"300\" height=\"225\" srcset=\"https:\/\/corcouesurlogne-ecole.fr\/wp-content\/uploads\/2016\/12\/SAM_3225-300x225.jpg 300w, https:\/\/corcouesurlogne-ecole.fr\/wp-content\/uploads\/2016\/12\/SAM_3225-768x576.jpg 768w, https:\/\/corcouesurlogne-ecole.fr\/wp-content\/uploads\/2016\/12\/SAM_3225-1024x768.jpg 1024w, https:\/\/corcouesurlogne-ecole.fr\/wp-content\/uploads\/2016\/12\/SAM_3225.jpg 2048w\" sizes=\"(max-width: 300px) 100vw, 300px\" \/><\/a><p id=\"caption-attachment-1200\" class=\"wp-caption-text\">chant Kirikou avec les CP\/CE1<\/p><\/div>\n<p>&nbsp;<\/p>\n","protected":false},"excerpt":{"rendered":"<p>Vendredi soir, Touffu nous a accompagn\u00e9 \u00e0 la veill\u00e9e de No\u00ebl. Il a pu nous entendre rythmer avec nos cannes au son du piano ou du tam-tam. Il nous a entendu chant\u00e9 Les temps modernes de Charlin Chaplin (nous avons invent\u00e9 les paroles avec les CP!) , Kirikou avec les CP\/CE1, et avec les autres<\/p>\n<p><a href=\"https:\/\/corcouesurlogne-ecole.fr\/?p=1193\" class=\"more-link themebutton\">Lire la suite<\/a><\/p>\n","protected":false},"author":1,"featured_media":0,"comment_status":"closed","ping_status":"closed","sticky":false,"template":"","format":"standard","meta":{"ngg_post_thumbnail":0,"footnotes":""},"categories":[1],"tags":[],"_links":{"self":[{"href":"https:\/\/corcouesurlogne-ecole.fr\/index.php?rest_route=\/wp\/v2\/posts\/1193"}],"collection":[{"href":"https:\/\/corcouesurlogne-ecole.fr\/index.php?rest_route=\/wp\/v2\/posts"}],"about":[{"href":"https:\/\/corcouesurlogne-ecole.fr\/index.php?rest_route=\/wp\/v2\/types\/post"}],"author":[{"embeddable":true,"href":"https:\/\/corcouesurlogne-ecole.fr\/index.php?rest_route=\/wp\/v2\/users\/1"}],"replies":[{"embeddable":true,"href":"https:\/\/corcouesurlogne-ecole.fr\/index.php?rest_route=%2Fwp%2Fv2%2Fcomments&post=1193"}],"version-history":[{"count":1,"href":"https:\/\/corcouesurlogne-ecole.fr\/index.php?rest_route=\/wp\/v2\/posts\/1193\/revisions"}],"predecessor-version":[{"id":1201,"href":"https:\/\/corcouesurlogne-ecole.fr\/index.php?rest_route=\/wp\/v2\/posts\/1193\/revisions\/1201"}],"wp:attachment":[{"href":"https:\/\/corcouesurlogne-ecole.fr\/index.php?rest_route=%2Fwp%2Fv2%2Fmedia&parent=1193"}],"wp:term":[{"taxonomy":"category","embeddable":true,"href":"https:\/\/corcouesurlogne-ecole.fr\/index.php?rest_route=%2Fwp%2Fv2%2Fcategories&post=1193"},{"taxonomy":"post_tag","embeddable":true,"href":"https:\/\/corcouesurlogne-ecole.fr\/index.php?rest_route=%2Fwp%2Fv2%2Ftags&post=1193"}],"curies":[{"name":"wp","href":"https:\/\/api.w.org\/{rel}","templated":true}]}}