{"id":11912,"date":"2024-09-24T08:58:26","date_gmt":"2024-09-24T07:58:26","guid":{"rendered":"https:\/\/corcouesurlogne-ecole.fr\/?p=11912"},"modified":"2024-10-15T09:07:56","modified_gmt":"2024-10-15T08:07:56","slug":"lexercice-dalerte-incendie","status":"publish","type":"post","link":"https:\/\/corcouesurlogne-ecole.fr\/?p=11912","title":{"rendered":"L&rsquo;exercice d&rsquo;alerte incendie"},"content":{"rendered":"<h3>Nous nous entrainons chaque ann\u00e9e \u00e0 sortir de l&rsquo;\u00e9cole en cas de feu. Quand l&rsquo;alarme incendie se d\u00e9clenche, toutes les classes (\u00e9l\u00e8ves et adultes); de la petite section au cm2; sortent de l&rsquo;\u00e9cole en rang deux par deux pour aller \u00e0 c\u00f4t\u00e9 de la mairie.<\/h3>\n<h3>La derni\u00e8re fois, c&rsquo;\u00e9tait le lundi 23 septembre \u00e0 11h15. Cela s&rsquo;est tr\u00e8s bien pass\u00e9. Nous avons \u00e9t\u00e9 rapides et efficaces.<\/h3>\n<h3>La\u00ebl, Lucho et Gabin<\/h3>\n","protected":false},"excerpt":{"rendered":"<p>Nous nous entrainons chaque ann\u00e9e \u00e0 sortir de l&rsquo;\u00e9cole en cas de feu. Quand l&rsquo;alarme incendie se d\u00e9clenche, toutes les classes (\u00e9l\u00e8ves et adultes); de la petite section au cm2; sortent de l&rsquo;\u00e9cole en rang deux par deux pour aller \u00e0 c\u00f4t\u00e9 de la mairie. La derni\u00e8re fois, c&rsquo;\u00e9tait le lundi 23 septembre \u00e0 11h15.<\/p>\n<p><a href=\"https:\/\/corcouesurlogne-ecole.fr\/?p=11912\" class=\"more-link themebutton\">Lire la suite<\/a><\/p>\n","protected":false},"author":1,"featured_media":0,"comment_status":"closed","ping_status":"closed","sticky":false,"template":"","format":"standard","meta":{"ngg_post_thumbnail":0,"footnotes":""},"categories":[11],"tags":[],"_links":{"self":[{"href":"https:\/\/corcouesurlogne-ecole.fr\/index.php?rest_route=\/wp\/v2\/posts\/11912"}],"collection":[{"href":"https:\/\/corcouesurlogne-ecole.fr\/index.php?rest_route=\/wp\/v2\/posts"}],"about":[{"href":"https:\/\/corcouesurlogne-ecole.fr\/index.php?rest_route=\/wp\/v2\/types\/post"}],"author":[{"embeddable":true,"href":"https:\/\/corcouesurlogne-ecole.fr\/index.php?rest_route=\/wp\/v2\/users\/1"}],"replies":[{"embeddable":true,"href":"https:\/\/corcouesurlogne-ecole.fr\/index.php?rest_route=%2Fwp%2Fv2%2Fcomments&post=11912"}],"version-history":[{"count":3,"href":"https:\/\/corcouesurlogne-ecole.fr\/index.php?rest_route=\/wp\/v2\/posts\/11912\/revisions"}],"predecessor-version":[{"id":11939,"href":"https:\/\/corcouesurlogne-ecole.fr\/index.php?rest_route=\/wp\/v2\/posts\/11912\/revisions\/11939"}],"wp:attachment":[{"href":"https:\/\/corcouesurlogne-ecole.fr\/index.php?rest_route=%2Fwp%2Fv2%2Fmedia&parent=11912"}],"wp:term":[{"taxonomy":"category","embeddable":true,"href":"https:\/\/corcouesurlogne-ecole.fr\/index.php?rest_route=%2Fwp%2Fv2%2Fcategories&post=11912"},{"taxonomy":"post_tag","embeddable":true,"href":"https:\/\/corcouesurlogne-ecole.fr\/index.php?rest_route=%2Fwp%2Fv2%2Ftags&post=11912"}],"curies":[{"name":"wp","href":"https:\/\/api.w.org\/{rel}","templated":true}]}}