{"id":1189,"date":"2016-12-11T11:05:33","date_gmt":"2016-12-11T10:05:33","guid":{"rendered":"https:\/\/corcouesurlogne-ecole.fr\/?p=1189"},"modified":"2017-09-03T10:00:40","modified_gmt":"2017-09-03T09:00:40","slug":"noel-approche","status":"publish","type":"post","link":"https:\/\/corcouesurlogne-ecole.fr\/?p=1189","title":{"rendered":"No\u00ebl approche&#8230;."},"content":{"rendered":"<p>Le sapin a\u00a0 \u00e9t\u00e9 install\u00e9 et d\u00e9cor\u00e9.<\/p>\n<p style=\"text-align: left;\"><a href=\"https:\/\/corcouesurlogne-ecole.fr\/wp-content\/uploads\/2016\/12\/SAM_3190-e1481446767207.jpg\"><img loading=\"lazy\" decoding=\"async\" class=\"size-medium wp-image-1172 alignleft\" src=\"https:\/\/corcouesurlogne-ecole.fr\/wp-content\/uploads\/2016\/12\/SAM_3190-e1481446767207-225x300.jpg\" alt=\"\" width=\"225\" height=\"300\" srcset=\"https:\/\/corcouesurlogne-ecole.fr\/wp-content\/uploads\/2016\/12\/SAM_3190-e1481446767207-225x300.jpg 225w, https:\/\/corcouesurlogne-ecole.fr\/wp-content\/uploads\/2016\/12\/SAM_3190-e1481446767207-768x1024.jpg 768w, https:\/\/corcouesurlogne-ecole.fr\/wp-content\/uploads\/2016\/12\/SAM_3190-e1481446767207.jpg 1536w\" sizes=\"(max-width: 225px) 100vw, 225px\" \/><\/a><\/p>\n<p style=\"text-align: left;\">\n<p style=\"text-align: left;\">\n<p style=\"text-align: left;\">\n<p style=\"text-align: left;\">\n<p style=\"text-align: left;\">\n<p style=\"text-align: left;\">\n<p style=\"text-align: left;\">\n<p style=\"text-align: left;\">La cr\u00e8che est plac\u00e9e au pied du sapin. Marie, Joseph, l&rsquo;\u00e2ne, le boeuf, les bergers sont pr\u00e9sents. Il manque un personnage qui n&rsquo;est pas encore n\u00e9!<\/p>\n<p style=\"text-align: left;\"><a href=\"https:\/\/corcouesurlogne-ecole.fr\/wp-content\/uploads\/2016\/12\/SAM_3189.jpg\"><img loading=\"lazy\" decoding=\"async\" class=\"size-medium wp-image-1171 alignleft\" src=\"https:\/\/corcouesurlogne-ecole.fr\/wp-content\/uploads\/2016\/12\/SAM_3189-300x225.jpg\" alt=\"\" width=\"300\" height=\"225\" srcset=\"https:\/\/corcouesurlogne-ecole.fr\/wp-content\/uploads\/2016\/12\/SAM_3189-300x225.jpg 300w, https:\/\/corcouesurlogne-ecole.fr\/wp-content\/uploads\/2016\/12\/SAM_3189-768x576.jpg 768w, https:\/\/corcouesurlogne-ecole.fr\/wp-content\/uploads\/2016\/12\/SAM_3189-1024x768.jpg 1024w, https:\/\/corcouesurlogne-ecole.fr\/wp-content\/uploads\/2016\/12\/SAM_3189.jpg 2048w\" sizes=\"(max-width: 300px) 100vw, 300px\" \/><\/a><\/p>\n","protected":false},"excerpt":{"rendered":"<p>Le sapin a\u00a0 \u00e9t\u00e9 install\u00e9 et d\u00e9cor\u00e9. La cr\u00e8che est plac\u00e9e au pied du sapin. Marie, Joseph, l&rsquo;\u00e2ne, le boeuf, les bergers sont pr\u00e9sents. Il manque un personnage qui n&rsquo;est pas encore n\u00e9!<\/p>\n","protected":false},"author":1,"featured_media":0,"comment_status":"closed","ping_status":"closed","sticky":false,"template":"","format":"standard","meta":{"ngg_post_thumbnail":0,"footnotes":""},"categories":[1],"tags":[],"_links":{"self":[{"href":"https:\/\/corcouesurlogne-ecole.fr\/index.php?rest_route=\/wp\/v2\/posts\/1189"}],"collection":[{"href":"https:\/\/corcouesurlogne-ecole.fr\/index.php?rest_route=\/wp\/v2\/posts"}],"about":[{"href":"https:\/\/corcouesurlogne-ecole.fr\/index.php?rest_route=\/wp\/v2\/types\/post"}],"author":[{"embeddable":true,"href":"https:\/\/corcouesurlogne-ecole.fr\/index.php?rest_route=\/wp\/v2\/users\/1"}],"replies":[{"embeddable":true,"href":"https:\/\/corcouesurlogne-ecole.fr\/index.php?rest_route=%2Fwp%2Fv2%2Fcomments&post=1189"}],"version-history":[{"count":1,"href":"https:\/\/corcouesurlogne-ecole.fr\/index.php?rest_route=\/wp\/v2\/posts\/1189\/revisions"}],"predecessor-version":[{"id":1190,"href":"https:\/\/corcouesurlogne-ecole.fr\/index.php?rest_route=\/wp\/v2\/posts\/1189\/revisions\/1190"}],"wp:attachment":[{"href":"https:\/\/corcouesurlogne-ecole.fr\/index.php?rest_route=%2Fwp%2Fv2%2Fmedia&parent=1189"}],"wp:term":[{"taxonomy":"category","embeddable":true,"href":"https:\/\/corcouesurlogne-ecole.fr\/index.php?rest_route=%2Fwp%2Fv2%2Fcategories&post=1189"},{"taxonomy":"post_tag","embeddable":true,"href":"https:\/\/corcouesurlogne-ecole.fr\/index.php?rest_route=%2Fwp%2Fv2%2Ftags&post=1189"}],"curies":[{"name":"wp","href":"https:\/\/api.w.org\/{rel}","templated":true}]}}