{"id":11857,"date":"2024-03-29T12:11:03","date_gmt":"2024-03-29T11:11:03","guid":{"rendered":"https:\/\/corcouesurlogne-ecole.fr\/?p=11857"},"modified":"2024-08-20T12:12:59","modified_gmt":"2024-08-20T11:12:59","slug":"carnaval-6","status":"publish","type":"post","link":"https:\/\/corcouesurlogne-ecole.fr\/?p=11857","title":{"rendered":"Carnaval"},"content":{"rendered":"<p>Samedi 23 a eu lieu le carnaval de l&rsquo;\u00e9cole.<\/p>\n<p>Pour l&rsquo;occasion, chaque classe avait une couleur attitr\u00e9e pour son d\u00e9guisement.<\/p>\n<p>Les TPS-PS-MS \u00e9taient en vert, les MS-GS en blanc, les CP en noir, les CE1-CE2 en jaune, les CE2-CM1 en bleu et les CM2 en rouge.<\/p>\n<p>Vous l&rsquo;avez compris, ces couleurs reprennent celles des anneaux olympiques.<\/p>\n<p>Chacun a jou\u00e9 le jeu de trouver son costume en lien avec la contrainte de couleur.<\/p>\n<p>Le cort\u00e8ge s&rsquo;est \u00e9lanc\u00e9 dans la joie et la bonne humeur dans les rues de Corcou\u00e9.<\/p>\n<p>De retour sur la cour, tout le monde s&rsquo;est d\u00e9hanch\u00e9 sur la musique de la Compagnie cr\u00e9ole \u00ab\u00a0Au bal masqu\u00e9\u00a0\u00bb guid\u00e9 par Ang\u00e9lique. Les enfants se sont vu offrir, pour se remettre de la danse, un chocolat chaud. L&rsquo;association de l&rsquo;APEL \u00e9tait pr\u00e9sente pour une vente de gaufres et de gourmandises.<\/p>\n<p>Merci aux parents qui ont s\u00e9curis\u00e9 le parcours et \u00e0 tous les autres venus nombreux pour profiter du spectacle.<\/p>\n","protected":false},"excerpt":{"rendered":"<p>Samedi 23 a eu lieu le carnaval de l&rsquo;\u00e9cole. Pour l&rsquo;occasion, chaque classe avait une couleur attitr\u00e9e pour son d\u00e9guisement. Les TPS-PS-MS \u00e9taient en vert, les MS-GS en blanc, les CP en noir, les CE1-CE2 en jaune, les CE2-CM1 en bleu et les CM2 en rouge. Vous l&rsquo;avez compris, ces couleurs reprennent celles des anneaux<\/p>\n<p><a href=\"https:\/\/corcouesurlogne-ecole.fr\/?p=11857\" class=\"more-link themebutton\">Lire la suite<\/a><\/p>\n","protected":false},"author":21,"featured_media":0,"comment_status":"closed","ping_status":"closed","sticky":false,"template":"","format":"standard","meta":{"ngg_post_thumbnail":0,"footnotes":""},"categories":[26],"tags":[],"_links":{"self":[{"href":"https:\/\/corcouesurlogne-ecole.fr\/index.php?rest_route=\/wp\/v2\/posts\/11857"}],"collection":[{"href":"https:\/\/corcouesurlogne-ecole.fr\/index.php?rest_route=\/wp\/v2\/posts"}],"about":[{"href":"https:\/\/corcouesurlogne-ecole.fr\/index.php?rest_route=\/wp\/v2\/types\/post"}],"author":[{"embeddable":true,"href":"https:\/\/corcouesurlogne-ecole.fr\/index.php?rest_route=\/wp\/v2\/users\/21"}],"replies":[{"embeddable":true,"href":"https:\/\/corcouesurlogne-ecole.fr\/index.php?rest_route=%2Fwp%2Fv2%2Fcomments&post=11857"}],"version-history":[{"count":3,"href":"https:\/\/corcouesurlogne-ecole.fr\/index.php?rest_route=\/wp\/v2\/posts\/11857\/revisions"}],"predecessor-version":[{"id":11860,"href":"https:\/\/corcouesurlogne-ecole.fr\/index.php?rest_route=\/wp\/v2\/posts\/11857\/revisions\/11860"}],"wp:attachment":[{"href":"https:\/\/corcouesurlogne-ecole.fr\/index.php?rest_route=%2Fwp%2Fv2%2Fmedia&parent=11857"}],"wp:term":[{"taxonomy":"category","embeddable":true,"href":"https:\/\/corcouesurlogne-ecole.fr\/index.php?rest_route=%2Fwp%2Fv2%2Fcategories&post=11857"},{"taxonomy":"post_tag","embeddable":true,"href":"https:\/\/corcouesurlogne-ecole.fr\/index.php?rest_route=%2Fwp%2Fv2%2Ftags&post=11857"}],"curies":[{"name":"wp","href":"https:\/\/api.w.org\/{rel}","templated":true}]}}