{"id":11844,"date":"2024-06-25T19:48:28","date_gmt":"2024-06-25T18:48:28","guid":{"rendered":"https:\/\/corcouesurlogne-ecole.fr\/?p=11844"},"modified":"2024-08-19T19:48:54","modified_gmt":"2024-08-19T18:48:54","slug":"fete-du-projet","status":"publish","type":"post","link":"https:\/\/corcouesurlogne-ecole.fr\/?p=11844","title":{"rendered":"F\u00eate du projet"},"content":{"rendered":"<p>Vendredi 21 juin avait lieu la premi\u00e8re f\u00eate du projet de l&rsquo;\u00e9cole.<\/p>\n<p>Cela a \u00e9t\u00e9 un moment de convivialit\u00e9, de partage et d&rsquo;\u00e9change entre enfants et parents.<\/p>\n<p>Dans chaque classe, les familles pouvaient tester leurs connaissances sur les JO avec un blind-test sur les hymnes nationaux, un dessiner c&rsquo;est gagn\u00e9 sur les diff\u00e9rents sports olympiques et paralympiques, associer les sports et les sportifs, r\u00e9pondre \u00e0 des questions sur les dates cl\u00e9 de l&rsquo;histoire des JO et m\u00eame faire une course en sac (sport pr\u00e9sent aux jeux olympiques en 1904).<\/p>\n<p>Les parents de l&rsquo;APEL \u00e9tait pr\u00e9sents pour tenir le stand des ravitaillement.<\/p>\n<p>Ce fut un bon moment de fraternit\u00e9. Cela a \u00e9t\u00e9 aussi l&rsquo;occasion de dire au revoir \u00e0 Bastien, qui va enseigner dans une autre \u00e9cole l&rsquo;ann\u00e9e prochaine, et \u00e0 Mathilde qui part pour une ann\u00e9e de volontariat en Tha\u00eflande. Bonne route \u00e0 vous deux.<\/p>\n<p>Merci \u00e0 tous de votre pr\u00e9sence et de votre implication.<\/p>\n","protected":false},"excerpt":{"rendered":"<p>Vendredi 21 juin avait lieu la premi\u00e8re f\u00eate du projet de l&rsquo;\u00e9cole. Cela a \u00e9t\u00e9 un moment de convivialit\u00e9, de partage et d&rsquo;\u00e9change entre enfants et parents. Dans chaque classe, les familles pouvaient tester leurs connaissances sur les JO avec un blind-test sur les hymnes nationaux, un dessiner c&rsquo;est gagn\u00e9 sur les diff\u00e9rents sports olympiques<\/p>\n<p><a href=\"https:\/\/corcouesurlogne-ecole.fr\/?p=11844\" class=\"more-link themebutton\">Lire la suite<\/a><\/p>\n","protected":false},"author":21,"featured_media":0,"comment_status":"closed","ping_status":"closed","sticky":false,"template":"","format":"standard","meta":{"ngg_post_thumbnail":0,"footnotes":""},"categories":[26],"tags":[],"_links":{"self":[{"href":"https:\/\/corcouesurlogne-ecole.fr\/index.php?rest_route=\/wp\/v2\/posts\/11844"}],"collection":[{"href":"https:\/\/corcouesurlogne-ecole.fr\/index.php?rest_route=\/wp\/v2\/posts"}],"about":[{"href":"https:\/\/corcouesurlogne-ecole.fr\/index.php?rest_route=\/wp\/v2\/types\/post"}],"author":[{"embeddable":true,"href":"https:\/\/corcouesurlogne-ecole.fr\/index.php?rest_route=\/wp\/v2\/users\/21"}],"replies":[{"embeddable":true,"href":"https:\/\/corcouesurlogne-ecole.fr\/index.php?rest_route=%2Fwp%2Fv2%2Fcomments&post=11844"}],"version-history":[{"count":1,"href":"https:\/\/corcouesurlogne-ecole.fr\/index.php?rest_route=\/wp\/v2\/posts\/11844\/revisions"}],"predecessor-version":[{"id":11847,"href":"https:\/\/corcouesurlogne-ecole.fr\/index.php?rest_route=\/wp\/v2\/posts\/11844\/revisions\/11847"}],"wp:attachment":[{"href":"https:\/\/corcouesurlogne-ecole.fr\/index.php?rest_route=%2Fwp%2Fv2%2Fmedia&parent=11844"}],"wp:term":[{"taxonomy":"category","embeddable":true,"href":"https:\/\/corcouesurlogne-ecole.fr\/index.php?rest_route=%2Fwp%2Fv2%2Fcategories&post=11844"},{"taxonomy":"post_tag","embeddable":true,"href":"https:\/\/corcouesurlogne-ecole.fr\/index.php?rest_route=%2Fwp%2Fv2%2Ftags&post=11844"}],"curies":[{"name":"wp","href":"https:\/\/api.w.org\/{rel}","templated":true}]}}