{"id":1183,"date":"2016-12-11T10:58:48","date_gmt":"2016-12-11T09:58:48","guid":{"rendered":"https:\/\/corcouesurlogne-ecole.fr\/?p=1183"},"modified":"2017-09-03T10:00:40","modified_gmt":"2017-09-03T09:00:40","slug":"album-de-reussite-en-gs","status":"publish","type":"post","link":"https:\/\/corcouesurlogne-ecole.fr\/?p=1183","title":{"rendered":"Album de r\u00e9ussite en GS !"},"content":{"rendered":"<pre>Chaque semaine , nous compl\u00e9tons notre album de r\u00e9ussite qui regroupe toutes les comp\u00e9tences \u00e0 acqu\u00e9rir tout au long de nos ann\u00e9es en maternelle.<\/pre>\n<p><a href=\"https:\/\/corcouesurlogne-ecole.fr\/wp-content\/uploads\/2016\/12\/SAM_3175.jpg\"><img loading=\"lazy\" decoding=\"async\" class=\"size-medium wp-image-1186 aligncenter\" src=\"https:\/\/corcouesurlogne-ecole.fr\/wp-content\/uploads\/2016\/12\/SAM_3175-300x225.jpg\" alt=\"\" width=\"300\" height=\"225\" srcset=\"https:\/\/corcouesurlogne-ecole.fr\/wp-content\/uploads\/2016\/12\/SAM_3175-300x225.jpg 300w, https:\/\/corcouesurlogne-ecole.fr\/wp-content\/uploads\/2016\/12\/SAM_3175-768x576.jpg 768w, https:\/\/corcouesurlogne-ecole.fr\/wp-content\/uploads\/2016\/12\/SAM_3175-1024x768.jpg 1024w, https:\/\/corcouesurlogne-ecole.fr\/wp-content\/uploads\/2016\/12\/SAM_3175.jpg 2048w\" sizes=\"(max-width: 300px) 100vw, 300px\" \/><\/a><\/p>\n<pre>Durant de la semaine, nous mettons les \u00e9tiquettes de nos r\u00e9ussites dans notre casier et le vendredi, nous les validons dans notre album.<\/pre>\n<div id=\"attachment_1185\" style=\"width: 310px\" class=\"wp-caption alignleft\"><a href=\"https:\/\/corcouesurlogne-ecole.fr\/wp-content\/uploads\/2016\/12\/SAM_3174.jpg\"><img loading=\"lazy\" decoding=\"async\" aria-describedby=\"caption-attachment-1185\" class=\"size-medium wp-image-1185\" src=\"https:\/\/corcouesurlogne-ecole.fr\/wp-content\/uploads\/2016\/12\/SAM_3174-300x225.jpg\" alt=\"\" width=\"300\" height=\"225\" srcset=\"https:\/\/corcouesurlogne-ecole.fr\/wp-content\/uploads\/2016\/12\/SAM_3174-300x225.jpg 300w, https:\/\/corcouesurlogne-ecole.fr\/wp-content\/uploads\/2016\/12\/SAM_3174-768x576.jpg 768w, https:\/\/corcouesurlogne-ecole.fr\/wp-content\/uploads\/2016\/12\/SAM_3174-1024x768.jpg 1024w, https:\/\/corcouesurlogne-ecole.fr\/wp-content\/uploads\/2016\/12\/SAM_3174.jpg 2048w\" sizes=\"(max-width: 300px) 100vw, 300px\" \/><\/a><p id=\"caption-attachment-1185\" class=\"wp-caption-text\">Les casiers pour ranger nos \u00e9tiquettes.<\/p><\/div>\n<div id=\"attachment_1184\" style=\"width: 235px\" class=\"wp-caption alignright\"><a href=\"https:\/\/corcouesurlogne-ecole.fr\/wp-content\/uploads\/2016\/12\/SAM_3173-e1481448381858.jpg\"><img loading=\"lazy\" decoding=\"async\" aria-describedby=\"caption-attachment-1184\" class=\"size-medium wp-image-1184\" src=\"https:\/\/corcouesurlogne-ecole.fr\/wp-content\/uploads\/2016\/12\/SAM_3173-e1481448381858-225x300.jpg\" alt=\"\" width=\"225\" height=\"300\" srcset=\"https:\/\/corcouesurlogne-ecole.fr\/wp-content\/uploads\/2016\/12\/SAM_3173-e1481448381858-225x300.jpg 225w, https:\/\/corcouesurlogne-ecole.fr\/wp-content\/uploads\/2016\/12\/SAM_3173-e1481448381858-768x1024.jpg 768w, https:\/\/corcouesurlogne-ecole.fr\/wp-content\/uploads\/2016\/12\/SAM_3173-e1481448381858.jpg 1536w\" sizes=\"(max-width: 225px) 100vw, 225px\" \/><\/a><p id=\"caption-attachment-1184\" class=\"wp-caption-text\">L&rsquo;ensemble des \u00e9tiquettes GS<\/p><\/div>\n","protected":false},"excerpt":{"rendered":"<p>Chaque semaine , nous compl\u00e9tons notre album de r\u00e9ussite qui regroupe toutes les comp\u00e9tences \u00e0 acqu\u00e9rir tout au long de nos ann\u00e9es en maternelle. Durant de la semaine, nous mettons les \u00e9tiquettes de nos r\u00e9ussites dans notre casier et le vendredi, nous les validons dans notre album.<\/p>\n","protected":false},"author":1,"featured_media":0,"comment_status":"closed","ping_status":"closed","sticky":false,"template":"","format":"standard","meta":{"ngg_post_thumbnail":0,"footnotes":""},"categories":[1],"tags":[],"_links":{"self":[{"href":"https:\/\/corcouesurlogne-ecole.fr\/index.php?rest_route=\/wp\/v2\/posts\/1183"}],"collection":[{"href":"https:\/\/corcouesurlogne-ecole.fr\/index.php?rest_route=\/wp\/v2\/posts"}],"about":[{"href":"https:\/\/corcouesurlogne-ecole.fr\/index.php?rest_route=\/wp\/v2\/types\/post"}],"author":[{"embeddable":true,"href":"https:\/\/corcouesurlogne-ecole.fr\/index.php?rest_route=\/wp\/v2\/users\/1"}],"replies":[{"embeddable":true,"href":"https:\/\/corcouesurlogne-ecole.fr\/index.php?rest_route=%2Fwp%2Fv2%2Fcomments&post=1183"}],"version-history":[{"count":1,"href":"https:\/\/corcouesurlogne-ecole.fr\/index.php?rest_route=\/wp\/v2\/posts\/1183\/revisions"}],"predecessor-version":[{"id":1187,"href":"https:\/\/corcouesurlogne-ecole.fr\/index.php?rest_route=\/wp\/v2\/posts\/1183\/revisions\/1187"}],"wp:attachment":[{"href":"https:\/\/corcouesurlogne-ecole.fr\/index.php?rest_route=%2Fwp%2Fv2%2Fmedia&parent=1183"}],"wp:term":[{"taxonomy":"category","embeddable":true,"href":"https:\/\/corcouesurlogne-ecole.fr\/index.php?rest_route=%2Fwp%2Fv2%2Fcategories&post=1183"},{"taxonomy":"post_tag","embeddable":true,"href":"https:\/\/corcouesurlogne-ecole.fr\/index.php?rest_route=%2Fwp%2Fv2%2Ftags&post=1183"}],"curies":[{"name":"wp","href":"https:\/\/api.w.org\/{rel}","templated":true}]}}