{"id":11398,"date":"2024-02-22T19:14:08","date_gmt":"2024-02-22T18:14:08","guid":{"rendered":"https:\/\/corcouesurlogne-ecole.fr\/?p=11398"},"modified":"2024-02-22T19:14:08","modified_gmt":"2024-02-22T18:14:08","slug":"papier-plastique-et-verre","status":"publish","type":"post","link":"https:\/\/corcouesurlogne-ecole.fr\/?p=11398","title":{"rendered":"Papier, plastique et verre !"},"content":{"rendered":"<p style=\"text-align: left\">Jeudi 22 f\u00e9vrier, Antoine du CPIE de Corcou\u00e9 est venu nous parler des d\u00e9chets.<\/p>\n<p>Apres la lecture d&rsquo;un conte, n<a href=\"https:\/\/corcouesurlogne-ecole.fr\/wp-content\/uploads\/2024\/02\/20240222_100117-scaled.jpg\"><img loading=\"lazy\" decoding=\"async\" class=\"alignnone size-medium wp-image-11399\" src=\"https:\/\/corcouesurlogne-ecole.fr\/wp-content\/uploads\/2024\/02\/20240222_100117-300x225.jpg\" alt=\"\" width=\"300\" height=\"225\" srcset=\"https:\/\/corcouesurlogne-ecole.fr\/wp-content\/uploads\/2024\/02\/20240222_100117-300x225.jpg 300w, https:\/\/corcouesurlogne-ecole.fr\/wp-content\/uploads\/2024\/02\/20240222_100117-1024x768.jpg 1024w, https:\/\/corcouesurlogne-ecole.fr\/wp-content\/uploads\/2024\/02\/20240222_100117-768x576.jpg 768w, https:\/\/corcouesurlogne-ecole.fr\/wp-content\/uploads\/2024\/02\/20240222_100117-1536x1152.jpg 1536w, https:\/\/corcouesurlogne-ecole.fr\/wp-content\/uploads\/2024\/02\/20240222_100117-2048x1536.jpg 2048w\" sizes=\"(max-width: 300px) 100vw, 300px\" \/><\/a> <a href=\"https:\/\/corcouesurlogne-ecole.fr\/wp-content\/uploads\/2024\/02\/20240222_094535-scaled.jpg\"><img loading=\"lazy\" decoding=\"async\" class=\"alignnone size-medium wp-image-11400\" src=\"https:\/\/corcouesurlogne-ecole.fr\/wp-content\/uploads\/2024\/02\/20240222_094535-300x225.jpg\" alt=\"\" width=\"300\" height=\"225\" srcset=\"https:\/\/corcouesurlogne-ecole.fr\/wp-content\/uploads\/2024\/02\/20240222_094535-300x225.jpg 300w, https:\/\/corcouesurlogne-ecole.fr\/wp-content\/uploads\/2024\/02\/20240222_094535-1024x768.jpg 1024w, https:\/\/corcouesurlogne-ecole.fr\/wp-content\/uploads\/2024\/02\/20240222_094535-768x576.jpg 768w, https:\/\/corcouesurlogne-ecole.fr\/wp-content\/uploads\/2024\/02\/20240222_094535-1536x1152.jpg 1536w, https:\/\/corcouesurlogne-ecole.fr\/wp-content\/uploads\/2024\/02\/20240222_094535-2048x1536.jpg 2048w\" sizes=\"(max-width: 300px) 100vw, 300px\" \/><\/a> <a href=\"https:\/\/corcouesurlogne-ecole.fr\/wp-content\/uploads\/2024\/02\/20240222_094452-scaled.jpg\"><img loading=\"lazy\" decoding=\"async\" class=\"alignnone size-medium wp-image-11401\" src=\"https:\/\/corcouesurlogne-ecole.fr\/wp-content\/uploads\/2024\/02\/20240222_094452-300x225.jpg\" alt=\"\" width=\"300\" height=\"225\" srcset=\"https:\/\/corcouesurlogne-ecole.fr\/wp-content\/uploads\/2024\/02\/20240222_094452-300x225.jpg 300w, https:\/\/corcouesurlogne-ecole.fr\/wp-content\/uploads\/2024\/02\/20240222_094452-1024x768.jpg 1024w, https:\/\/corcouesurlogne-ecole.fr\/wp-content\/uploads\/2024\/02\/20240222_094452-768x576.jpg 768w, https:\/\/corcouesurlogne-ecole.fr\/wp-content\/uploads\/2024\/02\/20240222_094452-1536x1152.jpg 1536w, https:\/\/corcouesurlogne-ecole.fr\/wp-content\/uploads\/2024\/02\/20240222_094452-2048x1536.jpg 2048w\" sizes=\"(max-width: 300px) 100vw, 300px\" \/><\/a> <a href=\"https:\/\/corcouesurlogne-ecole.fr\/wp-content\/uploads\/2024\/02\/20240222_094429-scaled.jpg\"><img loading=\"lazy\" decoding=\"async\" class=\"alignnone size-medium wp-image-11402\" src=\"https:\/\/corcouesurlogne-ecole.fr\/wp-content\/uploads\/2024\/02\/20240222_094429-300x225.jpg\" alt=\"\" width=\"300\" height=\"225\" srcset=\"https:\/\/corcouesurlogne-ecole.fr\/wp-content\/uploads\/2024\/02\/20240222_094429-300x225.jpg 300w, https:\/\/corcouesurlogne-ecole.fr\/wp-content\/uploads\/2024\/02\/20240222_094429-1024x768.jpg 1024w, https:\/\/corcouesurlogne-ecole.fr\/wp-content\/uploads\/2024\/02\/20240222_094429-768x576.jpg 768w, https:\/\/corcouesurlogne-ecole.fr\/wp-content\/uploads\/2024\/02\/20240222_094429-1536x1152.jpg 1536w, https:\/\/corcouesurlogne-ecole.fr\/wp-content\/uploads\/2024\/02\/20240222_094429-2048x1536.jpg 2048w\" sizes=\"(max-width: 300px) 100vw, 300px\" \/><\/a> <a href=\"https:\/\/corcouesurlogne-ecole.fr\/wp-content\/uploads\/2024\/02\/20240222_094420-scaled.jpg\"><img loading=\"lazy\" decoding=\"async\" class=\"alignnone size-medium wp-image-11403\" src=\"https:\/\/corcouesurlogne-ecole.fr\/wp-content\/uploads\/2024\/02\/20240222_094420-225x300.jpg\" alt=\"\" width=\"225\" height=\"300\" srcset=\"https:\/\/corcouesurlogne-ecole.fr\/wp-content\/uploads\/2024\/02\/20240222_094420-225x300.jpg 225w, https:\/\/corcouesurlogne-ecole.fr\/wp-content\/uploads\/2024\/02\/20240222_094420-768x1024.jpg 768w, https:\/\/corcouesurlogne-ecole.fr\/wp-content\/uploads\/2024\/02\/20240222_094420-1152x1536.jpg 1152w, https:\/\/corcouesurlogne-ecole.fr\/wp-content\/uploads\/2024\/02\/20240222_094420-1536x2048.jpg 1536w, https:\/\/corcouesurlogne-ecole.fr\/wp-content\/uploads\/2024\/02\/20240222_094420-scaled.jpg 1920w\" sizes=\"(max-width: 225px) 100vw, 225px\" \/><\/a> <a href=\"https:\/\/corcouesurlogne-ecole.fr\/wp-content\/uploads\/2024\/02\/20240222_092825-scaled.jpg\"><img loading=\"lazy\" decoding=\"async\" class=\"alignnone size-medium wp-image-11404\" src=\"https:\/\/corcouesurlogne-ecole.fr\/wp-content\/uploads\/2024\/02\/20240222_092825-300x225.jpg\" alt=\"\" width=\"300\" height=\"225\" srcset=\"https:\/\/corcouesurlogne-ecole.fr\/wp-content\/uploads\/2024\/02\/20240222_092825-300x225.jpg 300w, https:\/\/corcouesurlogne-ecole.fr\/wp-content\/uploads\/2024\/02\/20240222_092825-1024x768.jpg 1024w, https:\/\/corcouesurlogne-ecole.fr\/wp-content\/uploads\/2024\/02\/20240222_092825-768x576.jpg 768w, https:\/\/corcouesurlogne-ecole.fr\/wp-content\/uploads\/2024\/02\/20240222_092825-1536x1152.jpg 1536w, https:\/\/corcouesurlogne-ecole.fr\/wp-content\/uploads\/2024\/02\/20240222_092825-2048x1536.jpg 2048w\" sizes=\"(max-width: 300px) 100vw, 300px\" \/><\/a>ous avons particip\u00e9 \u00e0 4 ateliers pour nous sensibiliser aux diff\u00e9rentes mati\u00e8res qui composent les d\u00e9chets.<\/p>\n<p>La maman de Mia et la maman de Louis R. sont venues encadrer les ateliers avec Jennifer et Antoine, merci \u00e0 elles !<\/p>\n","protected":false},"excerpt":{"rendered":"<p>Jeudi 22 f\u00e9vrier, Antoine du CPIE de Corcou\u00e9 est venu nous parler des d\u00e9chets. Apres la lecture d&rsquo;un conte, n ous avons particip\u00e9 \u00e0 4 ateliers pour nous sensibiliser aux diff\u00e9rentes mati\u00e8res qui composent les d\u00e9chets. La maman de Mia et la maman de Louis R. sont venues encadrer les ateliers avec Jennifer et Antoine,<\/p>\n<p><a href=\"https:\/\/corcouesurlogne-ecole.fr\/?p=11398\" class=\"more-link themebutton\">Lire la suite<\/a><\/p>\n","protected":false},"author":11,"featured_media":0,"comment_status":"closed","ping_status":"closed","sticky":false,"template":"","format":"standard","meta":{"ngg_post_thumbnail":0,"footnotes":""},"categories":[6],"tags":[],"_links":{"self":[{"href":"https:\/\/corcouesurlogne-ecole.fr\/index.php?rest_route=\/wp\/v2\/posts\/11398"}],"collection":[{"href":"https:\/\/corcouesurlogne-ecole.fr\/index.php?rest_route=\/wp\/v2\/posts"}],"about":[{"href":"https:\/\/corcouesurlogne-ecole.fr\/index.php?rest_route=\/wp\/v2\/types\/post"}],"author":[{"embeddable":true,"href":"https:\/\/corcouesurlogne-ecole.fr\/index.php?rest_route=\/wp\/v2\/users\/11"}],"replies":[{"embeddable":true,"href":"https:\/\/corcouesurlogne-ecole.fr\/index.php?rest_route=%2Fwp%2Fv2%2Fcomments&post=11398"}],"version-history":[{"count":1,"href":"https:\/\/corcouesurlogne-ecole.fr\/index.php?rest_route=\/wp\/v2\/posts\/11398\/revisions"}],"predecessor-version":[{"id":11405,"href":"https:\/\/corcouesurlogne-ecole.fr\/index.php?rest_route=\/wp\/v2\/posts\/11398\/revisions\/11405"}],"wp:attachment":[{"href":"https:\/\/corcouesurlogne-ecole.fr\/index.php?rest_route=%2Fwp%2Fv2%2Fmedia&parent=11398"}],"wp:term":[{"taxonomy":"category","embeddable":true,"href":"https:\/\/corcouesurlogne-ecole.fr\/index.php?rest_route=%2Fwp%2Fv2%2Fcategories&post=11398"},{"taxonomy":"post_tag","embeddable":true,"href":"https:\/\/corcouesurlogne-ecole.fr\/index.php?rest_route=%2Fwp%2Fv2%2Ftags&post=11398"}],"curies":[{"name":"wp","href":"https:\/\/api.w.org\/{rel}","templated":true}]}}