{"id":11389,"date":"2024-02-21T10:22:40","date_gmt":"2024-02-21T09:22:40","guid":{"rendered":"https:\/\/corcouesurlogne-ecole.fr\/?p=11389"},"modified":"2024-02-22T00:31:51","modified_gmt":"2024-02-21T23:31:51","slug":"defi-3-a-vos-talents-prets-volez","status":"publish","type":"post","link":"https:\/\/corcouesurlogne-ecole.fr\/?p=11389","title":{"rendered":"D\u00e9fi 3 : \u00e0 vos talents, pr\u00eats, volez !"},"content":{"rendered":"<p>Pour ce troisi\u00e8me d\u00e9fi de l&rsquo;ann\u00e9e, nous avons fabriqu\u00e9 des cerfs-volants avec ce que nous avions \u00e0 l&rsquo;\u00e9cole.<\/p>\n<p>En esp\u00e9rant qu&rsquo;ils s&rsquo;envolent haut dans le ciel !<\/p>\n\n\t\t<style type=\"text\/css\">\n\t\t\t#gallery-1 {\n\t\t\t\tmargin: auto;\n\t\t\t}\n\t\t\t#gallery-1 .gallery-item {\n\t\t\t\tfloat: left;\n\t\t\t\tmargin-top: 10px;\n\t\t\t\ttext-align: center;\n\t\t\t\twidth: 50%;\n\t\t\t}\n\t\t\t#gallery-1 img {\n\t\t\t\tborder: 2px solid #cfcfcf;\n\t\t\t}\n\t\t\t#gallery-1 .gallery-caption {\n\t\t\t\tmargin-left: 0;\n\t\t\t}\n\t\t\t\/* see gallery_shortcode() in wp-includes\/media.php *\/\n\t\t<\/style>\n\t\t<div id='gallery-1' class='gallery galleryid-11389 gallery-columns-2 gallery-size-medium'><dl class='gallery-item'>\n\t\t\t<dt class='gallery-icon portrait'>\n\t\t\t\t<a href='https:\/\/corcouesurlogne-ecole.fr\/?attachment_id=11390#main'><img loading=\"lazy\" decoding=\"async\" width=\"225\" height=\"300\" src=\"https:\/\/corcouesurlogne-ecole.fr\/wp-content\/uploads\/2024\/02\/1708530292935-225x300.jpg\" class=\"attachment-medium size-medium\" alt=\"\" srcset=\"https:\/\/corcouesurlogne-ecole.fr\/wp-content\/uploads\/2024\/02\/1708530292935-225x300.jpg 225w, https:\/\/corcouesurlogne-ecole.fr\/wp-content\/uploads\/2024\/02\/1708530292935-768x1024.jpg 768w, https:\/\/corcouesurlogne-ecole.fr\/wp-content\/uploads\/2024\/02\/1708530292935-1152x1536.jpg 1152w, https:\/\/corcouesurlogne-ecole.fr\/wp-content\/uploads\/2024\/02\/1708530292935-1536x2048.jpg 1536w, https:\/\/corcouesurlogne-ecole.fr\/wp-content\/uploads\/2024\/02\/1708530292935-scaled.jpg 1920w\" sizes=\"(max-width: 225px) 100vw, 225px\" \/><\/a>\n\t\t\t<\/dt><\/dl><dl class='gallery-item'>\n\t\t\t<dt class='gallery-icon portrait'>\n\t\t\t\t<a href='https:\/\/corcouesurlogne-ecole.fr\/?attachment_id=11391#main'><img loading=\"lazy\" decoding=\"async\" width=\"225\" height=\"300\" src=\"https:\/\/corcouesurlogne-ecole.fr\/wp-content\/uploads\/2024\/02\/1708530293014-225x300.jpg\" class=\"attachment-medium size-medium\" alt=\"\" srcset=\"https:\/\/corcouesurlogne-ecole.fr\/wp-content\/uploads\/2024\/02\/1708530293014-225x300.jpg 225w, https:\/\/corcouesurlogne-ecole.fr\/wp-content\/uploads\/2024\/02\/1708530293014-768x1024.jpg 768w, https:\/\/corcouesurlogne-ecole.fr\/wp-content\/uploads\/2024\/02\/1708530293014-1152x1536.jpg 1152w, https:\/\/corcouesurlogne-ecole.fr\/wp-content\/uploads\/2024\/02\/1708530293014-1536x2048.jpg 1536w, https:\/\/corcouesurlogne-ecole.fr\/wp-content\/uploads\/2024\/02\/1708530293014-scaled.jpg 1920w\" sizes=\"(max-width: 225px) 100vw, 225px\" \/><\/a>\n\t\t\t<\/dt><\/dl><br style=\"clear: both\" \/>\n\t\t<\/div>\n\n","protected":false},"excerpt":{"rendered":"<p>Pour ce troisi\u00e8me d\u00e9fi de l&rsquo;ann\u00e9e, nous avons fabriqu\u00e9 des cerfs-volants avec ce que nous avions \u00e0 l&rsquo;\u00e9cole. En esp\u00e9rant qu&rsquo;ils s&rsquo;envolent haut dans le ciel !<\/p>\n","protected":false},"author":21,"featured_media":11393,"comment_status":"closed","ping_status":"closed","sticky":false,"template":"","format":"standard","meta":{"ngg_post_thumbnail":0,"footnotes":""},"categories":[7],"tags":[],"_links":{"self":[{"href":"https:\/\/corcouesurlogne-ecole.fr\/index.php?rest_route=\/wp\/v2\/posts\/11389"}],"collection":[{"href":"https:\/\/corcouesurlogne-ecole.fr\/index.php?rest_route=\/wp\/v2\/posts"}],"about":[{"href":"https:\/\/corcouesurlogne-ecole.fr\/index.php?rest_route=\/wp\/v2\/types\/post"}],"author":[{"embeddable":true,"href":"https:\/\/corcouesurlogne-ecole.fr\/index.php?rest_route=\/wp\/v2\/users\/21"}],"replies":[{"embeddable":true,"href":"https:\/\/corcouesurlogne-ecole.fr\/index.php?rest_route=%2Fwp%2Fv2%2Fcomments&post=11389"}],"version-history":[{"count":1,"href":"https:\/\/corcouesurlogne-ecole.fr\/index.php?rest_route=\/wp\/v2\/posts\/11389\/revisions"}],"predecessor-version":[{"id":11392,"href":"https:\/\/corcouesurlogne-ecole.fr\/index.php?rest_route=\/wp\/v2\/posts\/11389\/revisions\/11392"}],"wp:featuredmedia":[{"embeddable":true,"href":"https:\/\/corcouesurlogne-ecole.fr\/index.php?rest_route=\/wp\/v2\/media\/11393"}],"wp:attachment":[{"href":"https:\/\/corcouesurlogne-ecole.fr\/index.php?rest_route=%2Fwp%2Fv2%2Fmedia&parent=11389"}],"wp:term":[{"taxonomy":"category","embeddable":true,"href":"https:\/\/corcouesurlogne-ecole.fr\/index.php?rest_route=%2Fwp%2Fv2%2Fcategories&post=11389"},{"taxonomy":"post_tag","embeddable":true,"href":"https:\/\/corcouesurlogne-ecole.fr\/index.php?rest_route=%2Fwp%2Fv2%2Ftags&post=11389"}],"curies":[{"name":"wp","href":"https:\/\/api.w.org\/{rel}","templated":true}]}}