{"id":11137,"date":"2023-11-23T18:05:32","date_gmt":"2023-11-23T17:05:32","guid":{"rendered":"https:\/\/corcouesurlogne-ecole.fr\/?p=11137"},"modified":"2024-02-22T00:37:20","modified_gmt":"2024-02-21T23:37:20","slug":"sortie-au-cinema","status":"publish","type":"post","link":"https:\/\/corcouesurlogne-ecole.fr\/?p=11137","title":{"rendered":"Sortie au cin\u00e9ma"},"content":{"rendered":"<p>Jeudi 23 novembre, les MS et GS sont all\u00e9s au cin\u00e9ma de Leg\u00e9 voir \u00ab&nbsp;Grosse col\u00e8re et Fantaisie&nbsp;\u00bb. C\u2019\u00e9tait une projection de 5 courts-m\u00e9trages sur diff\u00e9rents th\u00e8mes. Madame la chouette \u00e9tait l\u00e0 pour nous expliquer chaque dessin anim\u00e9.<\/p>\n<p><a href=\"https:\/\/corcouesurlogne-ecole.fr\/wp-content\/uploads\/2023\/12\/1700774809561-scaled.jpg\"><img loading=\"lazy\" decoding=\"async\" class=\"alignnone size-medium wp-image-11147\" src=\"https:\/\/corcouesurlogne-ecole.fr\/wp-content\/uploads\/2023\/12\/1700774809561-300x225.jpg\" alt=\"\" width=\"300\" height=\"225\" srcset=\"https:\/\/corcouesurlogne-ecole.fr\/wp-content\/uploads\/2023\/12\/1700774809561-300x225.jpg 300w, https:\/\/corcouesurlogne-ecole.fr\/wp-content\/uploads\/2023\/12\/1700774809561-1024x768.jpg 1024w, https:\/\/corcouesurlogne-ecole.fr\/wp-content\/uploads\/2023\/12\/1700774809561-768x576.jpg 768w, https:\/\/corcouesurlogne-ecole.fr\/wp-content\/uploads\/2023\/12\/1700774809561-1536x1152.jpg 1536w, https:\/\/corcouesurlogne-ecole.fr\/wp-content\/uploads\/2023\/12\/1700774809561-2048x1536.jpg 2048w\" sizes=\"(max-width: 300px) 100vw, 300px\" \/><\/a><\/p>\n<p>Dans le premier, il y avait une petite fille \u00e0 la plage. Elle \u00e9tait toute seule et ne savait pas quoi faire. C\u2019\u00e9tait un dessin-anim\u00e9 sans parole sur le th\u00e8me de <strong>l\u2019ennui<\/strong>.&nbsp;<\/p>\n\n\t\t<style type=\"text\/css\">\n\t\t\t#gallery-1 {\n\t\t\t\tmargin: auto;\n\t\t\t}\n\t\t\t#gallery-1 .gallery-item {\n\t\t\t\tfloat: left;\n\t\t\t\tmargin-top: 10px;\n\t\t\t\ttext-align: center;\n\t\t\t\twidth: 50%;\n\t\t\t}\n\t\t\t#gallery-1 img {\n\t\t\t\tborder: 2px solid #cfcfcf;\n\t\t\t}\n\t\t\t#gallery-1 .gallery-caption {\n\t\t\t\tmargin-left: 0;\n\t\t\t}\n\t\t\t\/* see gallery_shortcode() in wp-includes\/media.php *\/\n\t\t<\/style>\n\t\t<div id='gallery-1' class='gallery galleryid-11137 gallery-columns-2 gallery-size-medium'><dl class='gallery-item'>\n\t\t\t<dt class='gallery-icon landscape'>\n\t\t\t\t<a href='https:\/\/corcouesurlogne-ecole.fr\/?attachment_id=11149#main'><img loading=\"lazy\" decoding=\"async\" width=\"300\" height=\"225\" src=\"https:\/\/corcouesurlogne-ecole.fr\/wp-content\/uploads\/2023\/12\/1700774809618-300x225.jpg\" class=\"attachment-medium size-medium\" alt=\"\" srcset=\"https:\/\/corcouesurlogne-ecole.fr\/wp-content\/uploads\/2023\/12\/1700774809618-300x225.jpg 300w, https:\/\/corcouesurlogne-ecole.fr\/wp-content\/uploads\/2023\/12\/1700774809618-1024x768.jpg 1024w, https:\/\/corcouesurlogne-ecole.fr\/wp-content\/uploads\/2023\/12\/1700774809618-768x576.jpg 768w, https:\/\/corcouesurlogne-ecole.fr\/wp-content\/uploads\/2023\/12\/1700774809618-1536x1152.jpg 1536w, https:\/\/corcouesurlogne-ecole.fr\/wp-content\/uploads\/2023\/12\/1700774809618-2048x1536.jpg 2048w\" sizes=\"(max-width: 300px) 100vw, 300px\" \/><\/a>\n\t\t\t<\/dt><\/dl><dl class='gallery-item'>\n\t\t\t<dt class='gallery-icon landscape'>\n\t\t\t\t<a href='https:\/\/corcouesurlogne-ecole.fr\/?attachment_id=11148#main'><img loading=\"lazy\" decoding=\"async\" width=\"300\" height=\"225\" src=\"https:\/\/corcouesurlogne-ecole.fr\/wp-content\/uploads\/2023\/12\/1700774809589-300x225.jpg\" class=\"attachment-medium size-medium\" alt=\"\" srcset=\"https:\/\/corcouesurlogne-ecole.fr\/wp-content\/uploads\/2023\/12\/1700774809589-300x225.jpg 300w, https:\/\/corcouesurlogne-ecole.fr\/wp-content\/uploads\/2023\/12\/1700774809589-1024x768.jpg 1024w, https:\/\/corcouesurlogne-ecole.fr\/wp-content\/uploads\/2023\/12\/1700774809589-768x576.jpg 768w, https:\/\/corcouesurlogne-ecole.fr\/wp-content\/uploads\/2023\/12\/1700774809589-1536x1152.jpg 1536w, https:\/\/corcouesurlogne-ecole.fr\/wp-content\/uploads\/2023\/12\/1700774809589-2048x1536.jpg 2048w\" sizes=\"(max-width: 300px) 100vw, 300px\" \/><\/a>\n\t\t\t<\/dt><\/dl><br style=\"clear: both\" \/>\n\t\t<\/div>\n\n<p>Le deuxi\u00e8me \u00e9tait une adaptation du livre de Mireille Allanc\u00e9 \u00ab <strong>Grosse col\u00e8re<\/strong> \u00bb. Robert a pass\u00e9 une tr\u00e8s mauvaise journ\u00e9e. Il n&rsquo;est pas de bonne humeur et en plus, son papa l&rsquo;a envoy\u00e9 dans sa chambre. Alors Robert sent tout \u00e0 coup monter une Chose terrible. Une Chose qui peut faire de gros, gros d\u00e9g\u00e2ts&#8230; si on ne l&rsquo;arr\u00eate pas \u00e0 temps.&nbsp;&nbsp;<\/p>\n\n\t\t<style type=\"text\/css\">\n\t\t\t#gallery-2 {\n\t\t\t\tmargin: auto;\n\t\t\t}\n\t\t\t#gallery-2 .gallery-item {\n\t\t\t\tfloat: left;\n\t\t\t\tmargin-top: 10px;\n\t\t\t\ttext-align: center;\n\t\t\t\twidth: 50%;\n\t\t\t}\n\t\t\t#gallery-2 img {\n\t\t\t\tborder: 2px solid #cfcfcf;\n\t\t\t}\n\t\t\t#gallery-2 .gallery-caption {\n\t\t\t\tmargin-left: 0;\n\t\t\t}\n\t\t\t\/* see gallery_shortcode() in wp-includes\/media.php *\/\n\t\t<\/style>\n\t\t<div id='gallery-2' class='gallery galleryid-11137 gallery-columns-2 gallery-size-medium'><dl class='gallery-item'>\n\t\t\t<dt class='gallery-icon landscape'>\n\t\t\t\t<a href='https:\/\/corcouesurlogne-ecole.fr\/?attachment_id=11146#main'><img loading=\"lazy\" decoding=\"async\" width=\"300\" height=\"225\" src=\"https:\/\/corcouesurlogne-ecole.fr\/wp-content\/uploads\/2023\/12\/1700774809529-300x225.jpg\" class=\"attachment-medium size-medium\" alt=\"\" srcset=\"https:\/\/corcouesurlogne-ecole.fr\/wp-content\/uploads\/2023\/12\/1700774809529-300x225.jpg 300w, https:\/\/corcouesurlogne-ecole.fr\/wp-content\/uploads\/2023\/12\/1700774809529-1024x768.jpg 1024w, https:\/\/corcouesurlogne-ecole.fr\/wp-content\/uploads\/2023\/12\/1700774809529-768x576.jpg 768w, https:\/\/corcouesurlogne-ecole.fr\/wp-content\/uploads\/2023\/12\/1700774809529-1536x1152.jpg 1536w, https:\/\/corcouesurlogne-ecole.fr\/wp-content\/uploads\/2023\/12\/1700774809529-2048x1536.jpg 2048w\" sizes=\"(max-width: 300px) 100vw, 300px\" \/><\/a>\n\t\t\t<\/dt><\/dl><dl class='gallery-item'>\n\t\t\t<dt class='gallery-icon landscape'>\n\t\t\t\t<a href='https:\/\/corcouesurlogne-ecole.fr\/?attachment_id=11145#main'><img loading=\"lazy\" decoding=\"async\" width=\"300\" height=\"225\" src=\"https:\/\/corcouesurlogne-ecole.fr\/wp-content\/uploads\/2023\/12\/1700774809514-300x225.jpg\" class=\"attachment-medium size-medium\" alt=\"\" srcset=\"https:\/\/corcouesurlogne-ecole.fr\/wp-content\/uploads\/2023\/12\/1700774809514-300x225.jpg 300w, https:\/\/corcouesurlogne-ecole.fr\/wp-content\/uploads\/2023\/12\/1700774809514-1024x768.jpg 1024w, https:\/\/corcouesurlogne-ecole.fr\/wp-content\/uploads\/2023\/12\/1700774809514-768x576.jpg 768w, https:\/\/corcouesurlogne-ecole.fr\/wp-content\/uploads\/2023\/12\/1700774809514-1536x1152.jpg 1536w, https:\/\/corcouesurlogne-ecole.fr\/wp-content\/uploads\/2023\/12\/1700774809514-2048x1536.jpg 2048w\" sizes=\"(max-width: 300px) 100vw, 300px\" \/><\/a>\n\t\t\t<\/dt><\/dl><br style=\"clear: both\" \/>\n\t\t<\/div>\n\n<p>Le troisi\u00e8me racontait l\u2019histoire d\u2019un petit gar\u00e7on qui vivait le <strong>deuil<\/strong> de sa grand-m\u00e8re. Son d\u00e9sir de manger les g\u00e2teaux de mamie a fait d\u00e9border son imagination allant jusqu\u2019\u00e0 faire r\u00e9apparaitre sa grand-m\u00e8re. &nbsp;&nbsp;<\/p>\n\n\t\t<style type=\"text\/css\">\n\t\t\t#gallery-3 {\n\t\t\t\tmargin: auto;\n\t\t\t}\n\t\t\t#gallery-3 .gallery-item {\n\t\t\t\tfloat: left;\n\t\t\t\tmargin-top: 10px;\n\t\t\t\ttext-align: center;\n\t\t\t\twidth: 50%;\n\t\t\t}\n\t\t\t#gallery-3 img {\n\t\t\t\tborder: 2px solid #cfcfcf;\n\t\t\t}\n\t\t\t#gallery-3 .gallery-caption {\n\t\t\t\tmargin-left: 0;\n\t\t\t}\n\t\t\t\/* see gallery_shortcode() in wp-includes\/media.php *\/\n\t\t<\/style>\n\t\t<div id='gallery-3' class='gallery galleryid-11137 gallery-columns-2 gallery-size-medium'><dl class='gallery-item'>\n\t\t\t<dt class='gallery-icon landscape'>\n\t\t\t\t<a href='https:\/\/corcouesurlogne-ecole.fr\/?attachment_id=11144#main'><img loading=\"lazy\" decoding=\"async\" width=\"300\" height=\"225\" src=\"https:\/\/corcouesurlogne-ecole.fr\/wp-content\/uploads\/2023\/12\/1700774809498-300x225.jpg\" class=\"attachment-medium size-medium\" alt=\"\" \/><\/a>\n\t\t\t<\/dt><\/dl><dl class='gallery-item'>\n\t\t\t<dt class='gallery-icon landscape'>\n\t\t\t\t<a href='https:\/\/corcouesurlogne-ecole.fr\/?attachment_id=11143#main'><img loading=\"lazy\" decoding=\"async\" width=\"300\" height=\"225\" src=\"https:\/\/corcouesurlogne-ecole.fr\/wp-content\/uploads\/2023\/12\/1700774809470-300x225.jpg\" class=\"attachment-medium size-medium\" alt=\"\" srcset=\"https:\/\/corcouesurlogne-ecole.fr\/wp-content\/uploads\/2023\/12\/1700774809470-300x225.jpg 300w, https:\/\/corcouesurlogne-ecole.fr\/wp-content\/uploads\/2023\/12\/1700774809470-1024x768.jpg 1024w, https:\/\/corcouesurlogne-ecole.fr\/wp-content\/uploads\/2023\/12\/1700774809470-768x576.jpg 768w, https:\/\/corcouesurlogne-ecole.fr\/wp-content\/uploads\/2023\/12\/1700774809470-1536x1152.jpg 1536w, https:\/\/corcouesurlogne-ecole.fr\/wp-content\/uploads\/2023\/12\/1700774809470-2048x1536.jpg 2048w\" sizes=\"(max-width: 300px) 100vw, 300px\" \/><\/a>\n\t\t\t<\/dt><\/dl><br style=\"clear: both\" \/>\n\t\t<\/div>\n\n<p>Le quatri\u00e8me \u00e9tait une adaptation d\u2019un autre album de Mireille Allanc\u00e9 \u00ab Quand j\u2019avais <strong>peur du noir<\/strong> \u00bb. Robert se redresse dans son lit, Crac ! \u00ab D&rsquo;o\u00f9 vient ce bruit ? C&rsquo;est s\u00fbrement l&rsquo;armoire. \u00bb &nbsp;<br \/>\nAgripp\u00e9 \u00e0 la couverture, Robert regarde l&rsquo;armoire. Il la regarde encore, et peu \u00e0 peu l&rsquo;armoire se transforme.<\/p>\n\n\t\t<style type=\"text\/css\">\n\t\t\t#gallery-4 {\n\t\t\t\tmargin: auto;\n\t\t\t}\n\t\t\t#gallery-4 .gallery-item {\n\t\t\t\tfloat: left;\n\t\t\t\tmargin-top: 10px;\n\t\t\t\ttext-align: center;\n\t\t\t\twidth: 50%;\n\t\t\t}\n\t\t\t#gallery-4 img {\n\t\t\t\tborder: 2px solid #cfcfcf;\n\t\t\t}\n\t\t\t#gallery-4 .gallery-caption {\n\t\t\t\tmargin-left: 0;\n\t\t\t}\n\t\t\t\/* see gallery_shortcode() in wp-includes\/media.php *\/\n\t\t<\/style>\n\t\t<div id='gallery-4' class='gallery galleryid-11137 gallery-columns-2 gallery-size-medium'><dl class='gallery-item'>\n\t\t\t<dt class='gallery-icon landscape'>\n\t\t\t\t<a href='https:\/\/corcouesurlogne-ecole.fr\/?attachment_id=11142#main'><img loading=\"lazy\" decoding=\"async\" width=\"300\" height=\"225\" src=\"https:\/\/corcouesurlogne-ecole.fr\/wp-content\/uploads\/2023\/12\/1700774809433-300x225.jpg\" class=\"attachment-medium size-medium\" alt=\"\" srcset=\"https:\/\/corcouesurlogne-ecole.fr\/wp-content\/uploads\/2023\/12\/1700774809433-300x225.jpg 300w, https:\/\/corcouesurlogne-ecole.fr\/wp-content\/uploads\/2023\/12\/1700774809433-1024x768.jpg 1024w, https:\/\/corcouesurlogne-ecole.fr\/wp-content\/uploads\/2023\/12\/1700774809433-768x576.jpg 768w, https:\/\/corcouesurlogne-ecole.fr\/wp-content\/uploads\/2023\/12\/1700774809433-1536x1152.jpg 1536w, https:\/\/corcouesurlogne-ecole.fr\/wp-content\/uploads\/2023\/12\/1700774809433-2048x1536.jpg 2048w\" sizes=\"(max-width: 300px) 100vw, 300px\" \/><\/a>\n\t\t\t<\/dt><\/dl><dl class='gallery-item'>\n\t\t\t<dt class='gallery-icon landscape'>\n\t\t\t\t<a href='https:\/\/corcouesurlogne-ecole.fr\/?attachment_id=11141#main'><img loading=\"lazy\" decoding=\"async\" width=\"300\" height=\"225\" src=\"https:\/\/corcouesurlogne-ecole.fr\/wp-content\/uploads\/2023\/12\/1700774809403-300x225.jpg\" class=\"attachment-medium size-medium\" alt=\"\" \/><\/a>\n\t\t\t<\/dt><\/dl><br style=\"clear: both\" \/>\n\t\t<\/div>\n\n<p>Le dernier apportait de la gaiet\u00e9 avec un enchainement d\u2019\u00e9v\u00e9nements <strong>dr\u00f4les<\/strong> avec des animaux de la ferme.&nbsp;<\/p>\n\n\t\t<style type=\"text\/css\">\n\t\t\t#gallery-5 {\n\t\t\t\tmargin: auto;\n\t\t\t}\n\t\t\t#gallery-5 .gallery-item {\n\t\t\t\tfloat: left;\n\t\t\t\tmargin-top: 10px;\n\t\t\t\ttext-align: center;\n\t\t\t\twidth: 50%;\n\t\t\t}\n\t\t\t#gallery-5 img {\n\t\t\t\tborder: 2px solid #cfcfcf;\n\t\t\t}\n\t\t\t#gallery-5 .gallery-caption {\n\t\t\t\tmargin-left: 0;\n\t\t\t}\n\t\t\t\/* see gallery_shortcode() in wp-includes\/media.php *\/\n\t\t<\/style>\n\t\t<div id='gallery-5' class='gallery galleryid-11137 gallery-columns-2 gallery-size-medium'><dl class='gallery-item'>\n\t\t\t<dt class='gallery-icon landscape'>\n\t\t\t\t<a href='https:\/\/corcouesurlogne-ecole.fr\/?attachment_id=11140#main'><img loading=\"lazy\" decoding=\"async\" width=\"300\" height=\"225\" src=\"https:\/\/corcouesurlogne-ecole.fr\/wp-content\/uploads\/2023\/12\/1700774809351-300x225.jpg\" class=\"attachment-medium size-medium\" alt=\"\" srcset=\"https:\/\/corcouesurlogne-ecole.fr\/wp-content\/uploads\/2023\/12\/1700774809351-300x225.jpg 300w, https:\/\/corcouesurlogne-ecole.fr\/wp-content\/uploads\/2023\/12\/1700774809351-1024x768.jpg 1024w, https:\/\/corcouesurlogne-ecole.fr\/wp-content\/uploads\/2023\/12\/1700774809351-768x576.jpg 768w, https:\/\/corcouesurlogne-ecole.fr\/wp-content\/uploads\/2023\/12\/1700774809351-1536x1152.jpg 1536w, https:\/\/corcouesurlogne-ecole.fr\/wp-content\/uploads\/2023\/12\/1700774809351-2048x1536.jpg 2048w\" sizes=\"(max-width: 300px) 100vw, 300px\" \/><\/a>\n\t\t\t<\/dt><\/dl><dl class='gallery-item'>\n\t\t\t<dt class='gallery-icon landscape'>\n\t\t\t\t<a href='https:\/\/corcouesurlogne-ecole.fr\/?attachment_id=11138#main'><img loading=\"lazy\" decoding=\"async\" width=\"300\" height=\"225\" src=\"https:\/\/corcouesurlogne-ecole.fr\/wp-content\/uploads\/2023\/12\/1700774809291-300x225.jpg\" class=\"attachment-medium size-medium\" alt=\"\" \/><\/a>\n\t\t\t<\/dt><\/dl><br style=\"clear: both\" \/>\n\t\t<\/div>\n\n","protected":false},"excerpt":{"rendered":"<p>Jeudi 23 novembre, les MS et GS sont all\u00e9s au cin\u00e9ma de Leg\u00e9 voir \u00ab&nbsp;Grosse col\u00e8re et Fantaisie&nbsp;\u00bb. C\u2019\u00e9tait une projection de 5 courts-m\u00e9trages sur diff\u00e9rents th\u00e8mes. Madame la chouette \u00e9tait l\u00e0 pour nous expliquer chaque dessin anim\u00e9. Dans le premier, il y avait une petite fille \u00e0 la plage. Elle \u00e9tait toute seule et<\/p>\n<p><a href=\"https:\/\/corcouesurlogne-ecole.fr\/?p=11137\" class=\"more-link themebutton\">Lire la suite<\/a><\/p>\n","protected":false},"author":21,"featured_media":11150,"comment_status":"closed","ping_status":"closed","sticky":false,"template":"","format":"standard","meta":{"ngg_post_thumbnail":0,"footnotes":""},"categories":[7],"tags":[],"_links":{"self":[{"href":"https:\/\/corcouesurlogne-ecole.fr\/index.php?rest_route=\/wp\/v2\/posts\/11137"}],"collection":[{"href":"https:\/\/corcouesurlogne-ecole.fr\/index.php?rest_route=\/wp\/v2\/posts"}],"about":[{"href":"https:\/\/corcouesurlogne-ecole.fr\/index.php?rest_route=\/wp\/v2\/types\/post"}],"author":[{"embeddable":true,"href":"https:\/\/corcouesurlogne-ecole.fr\/index.php?rest_route=\/wp\/v2\/users\/21"}],"replies":[{"embeddable":true,"href":"https:\/\/corcouesurlogne-ecole.fr\/index.php?rest_route=%2Fwp%2Fv2%2Fcomments&post=11137"}],"version-history":[{"count":9,"href":"https:\/\/corcouesurlogne-ecole.fr\/index.php?rest_route=\/wp\/v2\/posts\/11137\/revisions"}],"predecessor-version":[{"id":11394,"href":"https:\/\/corcouesurlogne-ecole.fr\/index.php?rest_route=\/wp\/v2\/posts\/11137\/revisions\/11394"}],"wp:featuredmedia":[{"embeddable":true,"href":"https:\/\/corcouesurlogne-ecole.fr\/index.php?rest_route=\/wp\/v2\/media\/11150"}],"wp:attachment":[{"href":"https:\/\/corcouesurlogne-ecole.fr\/index.php?rest_route=%2Fwp%2Fv2%2Fmedia&parent=11137"}],"wp:term":[{"taxonomy":"category","embeddable":true,"href":"https:\/\/corcouesurlogne-ecole.fr\/index.php?rest_route=%2Fwp%2Fv2%2Fcategories&post=11137"},{"taxonomy":"post_tag","embeddable":true,"href":"https:\/\/corcouesurlogne-ecole.fr\/index.php?rest_route=%2Fwp%2Fv2%2Ftags&post=11137"}],"curies":[{"name":"wp","href":"https:\/\/api.w.org\/{rel}","templated":true}]}}