{"id":11094,"date":"2023-12-16T17:23:06","date_gmt":"2023-12-16T16:23:06","guid":{"rendered":"https:\/\/corcouesurlogne-ecole.fr\/?p=11094"},"modified":"2023-12-25T18:52:11","modified_gmt":"2023-12-25T17:52:11","slug":"veillee-de-noel-2","status":"publish","type":"post","link":"https:\/\/corcouesurlogne-ecole.fr\/?p=11094","title":{"rendered":"Veill\u00e9e de No\u00ebl"},"content":{"rendered":"<p>Samedi 15 d\u00e9cembre nous nous sommes tous retrouv\u00e9s \u00e0 Rocheservi\u00e8re pour la veill\u00e9e de No\u00ebl.<\/p>\n<p>Pour l&rsquo;occasion, nous avions appris plusieurs chants que nous avons pr\u00e9sent\u00e9s aux parents :<\/p>\n<ul>\n<li>O Tannenbaum (mon beau sapin, en allemand),<\/li>\n<li>J&rsquo;ai vu le P\u00e8re-No\u00ebl (de Versini),<\/li>\n<li>Merry Christmas&nbsp;<\/li>\n<li>Oh viens Seigneur ! (s\u0153ur Agathe)<\/li>\n<\/ul>\n<p>A la fin du spectacle, nous avons relev\u00e9 notre deuxi\u00e8me d\u00e9fi, faire un flashmob avec le plus de personnes possible.<\/p>\n<p><a href=\"https:\/\/corcouesurlogne-ecole.fr\/wp-content\/uploads\/2023\/12\/1703027462619.jpg\"><img loading=\"lazy\" decoding=\"async\" class=\"alignnone size-medium wp-image-11096\" src=\"https:\/\/corcouesurlogne-ecole.fr\/wp-content\/uploads\/2023\/12\/1703027462619-300x169.jpg\" alt=\"\" width=\"300\" height=\"169\" srcset=\"https:\/\/corcouesurlogne-ecole.fr\/wp-content\/uploads\/2023\/12\/1703027462619-300x169.jpg 300w, https:\/\/corcouesurlogne-ecole.fr\/wp-content\/uploads\/2023\/12\/1703027462619-1024x575.jpg 1024w, https:\/\/corcouesurlogne-ecole.fr\/wp-content\/uploads\/2023\/12\/1703027462619-768x432.jpg 768w, https:\/\/corcouesurlogne-ecole.fr\/wp-content\/uploads\/2023\/12\/1703027462619-1536x863.jpg 1536w, https:\/\/corcouesurlogne-ecole.fr\/wp-content\/uploads\/2023\/12\/1703027462619.jpg 2000w\" sizes=\"(max-width: 300px) 100vw, 300px\" \/><\/a> <a href=\"https:\/\/corcouesurlogne-ecole.fr\/wp-content\/uploads\/2023\/12\/1703027216569-2.jpg\">&nbsp;<img loading=\"lazy\" decoding=\"async\" class=\"alignnone size-medium wp-image-11098\" src=\"https:\/\/corcouesurlogne-ecole.fr\/wp-content\/uploads\/2023\/12\/1703027216569-2-300x225.jpg\" alt=\"\" width=\"300\" height=\"225\" srcset=\"https:\/\/corcouesurlogne-ecole.fr\/wp-content\/uploads\/2023\/12\/1703027216569-2-300x225.jpg 300w, https:\/\/corcouesurlogne-ecole.fr\/wp-content\/uploads\/2023\/12\/1703027216569-2-1024x768.jpg 1024w, https:\/\/corcouesurlogne-ecole.fr\/wp-content\/uploads\/2023\/12\/1703027216569-2-768x576.jpg 768w, https:\/\/corcouesurlogne-ecole.fr\/wp-content\/uploads\/2023\/12\/1703027216569-2-1536x1152.jpg 1536w, https:\/\/corcouesurlogne-ecole.fr\/wp-content\/uploads\/2023\/12\/1703027216569-2.jpg 1792w\" sizes=\"(max-width: 300px) 100vw, 300px\" \/><\/a><\/p>\n","protected":false},"excerpt":{"rendered":"<p>Samedi 15 d\u00e9cembre nous nous sommes tous retrouv\u00e9s \u00e0 Rocheservi\u00e8re pour la veill\u00e9e de No\u00ebl. Pour l&rsquo;occasion, nous avions appris plusieurs chants que nous avons pr\u00e9sent\u00e9s aux parents : O Tannenbaum (mon beau sapin, en allemand), J&rsquo;ai vu le P\u00e8re-No\u00ebl (de Versini), Merry Christmas&nbsp; Oh viens Seigneur ! (s\u0153ur Agathe) A la fin du spectacle,<\/p>\n<p><a href=\"https:\/\/corcouesurlogne-ecole.fr\/?p=11094\" class=\"more-link themebutton\">Lire la suite<\/a><\/p>\n","protected":false},"author":21,"featured_media":11186,"comment_status":"closed","ping_status":"closed","sticky":false,"template":"","format":"standard","meta":{"ngg_post_thumbnail":0,"footnotes":""},"categories":[7],"tags":[],"_links":{"self":[{"href":"https:\/\/corcouesurlogne-ecole.fr\/index.php?rest_route=\/wp\/v2\/posts\/11094"}],"collection":[{"href":"https:\/\/corcouesurlogne-ecole.fr\/index.php?rest_route=\/wp\/v2\/posts"}],"about":[{"href":"https:\/\/corcouesurlogne-ecole.fr\/index.php?rest_route=\/wp\/v2\/types\/post"}],"author":[{"embeddable":true,"href":"https:\/\/corcouesurlogne-ecole.fr\/index.php?rest_route=\/wp\/v2\/users\/21"}],"replies":[{"embeddable":true,"href":"https:\/\/corcouesurlogne-ecole.fr\/index.php?rest_route=%2Fwp%2Fv2%2Fcomments&post=11094"}],"version-history":[{"count":6,"href":"https:\/\/corcouesurlogne-ecole.fr\/index.php?rest_route=\/wp\/v2\/posts\/11094\/revisions"}],"predecessor-version":[{"id":11105,"href":"https:\/\/corcouesurlogne-ecole.fr\/index.php?rest_route=\/wp\/v2\/posts\/11094\/revisions\/11105"}],"wp:featuredmedia":[{"embeddable":true,"href":"https:\/\/corcouesurlogne-ecole.fr\/index.php?rest_route=\/wp\/v2\/media\/11186"}],"wp:attachment":[{"href":"https:\/\/corcouesurlogne-ecole.fr\/index.php?rest_route=%2Fwp%2Fv2%2Fmedia&parent=11094"}],"wp:term":[{"taxonomy":"category","embeddable":true,"href":"https:\/\/corcouesurlogne-ecole.fr\/index.php?rest_route=%2Fwp%2Fv2%2Fcategories&post=11094"},{"taxonomy":"post_tag","embeddable":true,"href":"https:\/\/corcouesurlogne-ecole.fr\/index.php?rest_route=%2Fwp%2Fv2%2Ftags&post=11094"}],"curies":[{"name":"wp","href":"https:\/\/api.w.org\/{rel}","templated":true}]}}